{"id":12193,"date":"2021-09-28T11:11:24","date_gmt":"2021-09-28T09:11:24","guid":{"rendered":"https:\/\/www.ikp.at\/?p=12193"},"modified":"2021-09-28T11:11:24","modified_gmt":"2021-09-28T09:11:24","slug":"veranstaltung-salzburg-cyberattacke-kommunikation","status":"publish","type":"post","link":"https:\/\/ikp.at\/de\/blog\/know-how\/veranstaltung-salzburg-cyberattacke-kommunikation\/","title":{"rendered":"&#8222;You are fucked&#8220;* &#8211; Veranstaltung zu Cyberattacken in Salzburg"},"content":{"rendered":"<ul>\n<li><strong>Wie umgehen mit Cyberattacken? Wie Angreifern Paroli bieten? Wie IT-Risiken minimieren und in einer Cyber-Krise kommunizieren?<\/strong><\/li>\n<li><strong>Montag, 18. Oktober, <\/strong><strong>Imlauer Hotel Pitter Salzburg, Rainerstra\u00dfe 6, <\/strong><strong>Einlass: 18.00 Uhr, Beginn 18.30 Uhr<\/strong><\/li>\n<li><strong>Eine Veranstaltung von\u00a0 ikp Salzburg, Industriellenvereinigung Salzburg und Marketing Club Salzburg<\/strong><\/li>\n<\/ul>\n<p>&nbsp;<\/p>\n<p>Die gro\u00dffl\u00e4chige Umstellung auf Homeoffice und der allgemeine Digitalisierungsschub sorgen f\u00fcr eine vehemente Versch\u00e4rfung des Risikos von Cyberangriffen. Immer mehr Unternehmen bereiten sich mittlerweile entsprechend vor, um Erpressungsversuchen nicht hilflos ausgeliefert zu sein. An diesem Abend erfahren Sie, was bei SalzburgMilch passiert ist und wie es gelungen ist, den digitalen Angreifern Paroli zu bieten. Wir beleuchten das Spannungsfeld zwischen technischer Sicherheit und menschlichem Verhalten und informieren, welche Vorkehrungen sinnvoll sind, um in einer Cyber-Krise kommunizieren zu k\u00f6nnen und l\u00e4ngerfristige Imagesch\u00e4den zu vermeiden.<\/p>\n<p>&nbsp;<\/p>\n<h2>Programm:<\/h2>\n<ul>\n<li><strong>Irene Schulte<\/strong>, <a href=\"https:\/\/salzburg.iv.at\/\" target=\"_blank\" rel=\"noopener\">IV Salzburg<\/a>: Begr\u00fc\u00dfung und Moderation<\/li>\n<li><strong>Florian Schwap<\/strong>, <a href=\"https:\/\/www.milch.com\/de\/\" target=\"_blank\" rel=\"noopener\">SalzburgMilch<\/a>: Case Study SalzburgMilch \u2013 wie man mit einem Angriff umgeht.<\/li>\n<li><strong>Gottfried Tonweber und Bernhard Zacherl<\/strong>, <a href=\"https:\/\/www.ey.com\/de_at\" target=\"_blank\" rel=\"noopener\">EY \u00d6sterreich<\/a>: Sicher wie eine Festung, doch was passiert, wenn der Mitarbeiter die T\u00fcr \u00f6ffnet? Sind IT-Risiken technische Probleme oder die Folgen menschlichen Verhaltens?<\/li>\n<li><strong>Andreas Windischbauer<\/strong>, ikp Salzburg: Reputationssch\u00e4den vermeiden \u2013 wie kommuniziere ich in einer Cyber-Krise?<\/li>\n<li>Fragen und Diskussion<\/li>\n<li>Socializing &amp; Fingerfood-Buffet<\/li>\n<\/ul>\n<p>&nbsp;<\/p>\n<p><strong>Termin: <\/strong>Montag, 18. Oktober 2021 , Einlass: 18.00 Uhr, Beginn 18.30 Uhr<strong><br \/>\n<\/strong><\/p>\n<p><strong>Ort: <\/strong><a href=\"https:\/\/imlauer.com\/hotel-pitter-salzburg\/\" target=\"_blank\" rel=\"noopener\">Imlauer Hotel Pitter Salzburg<\/a>,\u00a0Rainerstra\u00dfe 6, 5020 Salzburg<strong><br \/>\n<\/strong><\/p>\n<p><strong>Anmeldung: <\/strong>Melden Sie sich bitte kurz via E-Mail unter <strong><a href=\"mailto:salzburg@ikp.at\">salzburg@ikp.at<\/a><\/strong> zur Veranstaltung an oder klicken Sie <a href=\"mailto:salzburg@ikp.at?subject=Ich%20melde%20mich%20zur%20Veranstaltung%20 am 18.10.2021%20an.\"><strong>hier<\/strong><\/a>. Es gilt die <strong>3G-Regel<\/strong>, die beim Einlass kontrolliert wird. Bringen Sie bitte einen Nachweis mit. Vielen Dank.<\/p>\n<p><strong>Anfahrt\/Parken: <\/strong>Sie k\u00f6nnen bequem mit einem \u00f6ffentlichen Verkehrsmittel anreisen (Haltestelle Mirabellplatz bzw. Kongresshaus) oder in einer der benachbarten Tiefgaragen (Mirabell, Wirtschaftskammer Salzburg) parken.<\/p>\n<p>&nbsp;<\/p>\n<p>*\u201eYou are fucked\u201c ist der Titel der Nachricht, die die SalzburgMilch am 22. Juni 2021 erhielt, nachdem ihr IT-System gehackt worden war. In der Nachricht war ein Link ins Darknet mit einer Forderung und einem Ultimatum.<\/p>\n<p>&nbsp;<\/p>\n<p>Eine Veranstaltung von ikp Salzburg,<br \/>\nIndustriellenvereinigung Salzburg<br \/>\nund <a href=\"http:\/\/www.marketingclub-salzburg.at\/\" target=\"_blank\" rel=\"noopener\">Marketing Club Salzburg<\/a>.<\/p>\n<p><img loading=\"lazy\" decoding=\"async\" class=\"alignnone wp-image-12206\" src=\"https:\/\/ikp.at\/wp-content\/uploads\/2023\/02\/IV-Logo_S_4c_2016.jpg\" alt=\"\" width=\"257\" height=\"55\" \/>\u00a0 <img loading=\"lazy\" decoding=\"async\" class=\"alignnone wp-image-12207\" src=\"https:\/\/ikp.at\/wp-content\/uploads\/2023\/02\/MCS-Logo-scaled.jpg\" alt=\"\" width=\"151\" height=\"135\" \/><\/p>\n<p>&nbsp;<\/p>\n<p>Titelbild: Robsonphoto\/Shutterstock.com<\/p>\n<p>&nbsp;<\/p>\n<hr \/>\n<h2>Die Vortragenden<\/h2>\n<p><img loading=\"lazy\" decoding=\"async\" class=\"alignleft wp-image-12196\" src=\"https:\/\/ikp.at\/wp-content\/uploads\/2023\/02\/irene-schulte-presse02-91x137.jpg\" alt=\"\" width=\"90\" height=\"123\" \/><strong>Irene Schulte, <\/strong>Gesch\u00e4ftsf\u00fchrerin der Industriellenvereinigung Salzburg, welche die Interessen von rund 400 Betrieben mit \u00fcber 57.000 Mitarbeiterinnen und Mitarbeitern vertritt.<\/p>\n<p>&nbsp;<\/p>\n<p><img loading=\"lazy\" decoding=\"async\" class=\"alignleft wp-image-12241\" src=\"https:\/\/ikp.at\/wp-content\/uploads\/2023\/02\/Florian-Schwap.jpg\" alt=\"\" width=\"90\" height=\"121\" \/><\/p>\n<p><strong>Florian Sch<\/strong><strong>wap,\u00a0\u00a0<\/strong>leitet seit fast 14 Jahren den Bereich Marketing der SalzburgMilch. Die SalzburgMilch war im Juni 2021 Opfer einer Cyberattacke und konnte mit viel Einsatz und offener Kommunikation die Situation bew\u00e4ltigen.<\/p>\n<p>&nbsp;<\/p>\n<p><img loading=\"lazy\" decoding=\"async\" class=\"alignleft wp-image-12197\" src=\"https:\/\/ikp.at\/wp-content\/uploads\/2023\/02\/tonweber-profil2-1148-klein.jpg\" alt=\"\" width=\"90\" height=\"134\" \/><\/p>\n<p><strong>Go<\/strong><strong>ttfried Tonweber,<\/strong>\u00a0Director bei EY Management Consulting und leitet den Bereich Cybersecurity &amp; Data Privacy f\u00fcr \u00d6sterreich. Er verf\u00fcgt \u00fcber weitreichende Erfahrung in der Beratung internationaler und nationaler Unternehmen im Bereich IT-Security und Informationssicherheitsmanagement.<\/p>\n<p>&nbsp;<\/p>\n<p><img loading=\"lazy\" decoding=\"async\" class=\"wp-image-12198 alignleft\" src=\"https:\/\/ikp.at\/wp-content\/uploads\/2023\/02\/AW_Portrait_Profil_20210122_2-scaled.jpg\" alt=\"\" width=\"90\" height=\"129\" \/><\/p>\n<p><strong>Andreas Windischbauer,<\/strong>\u00a0Gesch\u00e4ftsf\u00fchrer der Kommunikationsagentur ikp Salzburg. ikp ist eine der meist ausgezeichneten PR-Agenturen \u00d6sterreichs und seit \u00fcber 30 Jahren erfolgreich f\u00fcr ihre Kundinnen und Kunden t\u00e4tig, einer der Schwerpunkte liegt im Bereich Krisenkommunikation.<\/p>\n<p>&nbsp;<\/p>\n<p><img loading=\"lazy\" decoding=\"async\" class=\"alignleft wp-image-12199\" src=\"https:\/\/ikp.at\/wp-content\/uploads\/2023\/02\/Zacherl_Bernhard_25842_s.jpg\" alt=\"\" width=\"90\" height=\"126\" \/><\/p>\n<p><strong>Bernhard Zacherl,<\/strong> Senior Manager bei EY Management Consulting im Bereich Cybersecurity &amp; Data Privacy. Neben langj\u00e4hriger Erfahrung in den Bereichen IT-Security und IT-Strategie, IT-Prozessmanagement und IT-Risikomanagement ist er spezialisiert auf s\u00e4mtliche Bereiche der IT-Governance und -Compliance.<\/p>\n<p>&nbsp;<\/p>\n<p>Weitere Blogbeitr\u00e4ge zu diesem Thema:<\/p>\n<ul>\n<li><a href=\"https:\/\/www.ikp.at\/cyberattacke\/\" target=\"_blank\" rel=\"noopener\">YOU ARE FUCKED! \u2013 Immer mehr Unternehmen sind mit Cyberattacken konfrontiert<\/a><\/li>\n<\/ul>\n<div id=\"mailtofenstermodalPopupMail\" style=\"z-index: 8675311;\"><\/div>\n","protected":false},"excerpt":{"rendered":"<p>Veranstaltung zum Thema Cyber-Attacken: Wie umgehen mit Cyberattacken? Wie Angreifern Paroli bieten? Wie IT-Risiken minimieren und in einer Cyber-Krise kommunizieren?<\/p>\n","protected":false},"author":7,"featured_media":12194,"comment_status":"closed","ping_status":"closed","sticky":false,"template":"","format":"standard","meta":{"_acf_changed":false,"footnotes":""},"categories":[4],"tags":[825,809,811,813,70,600,197,80,223,201,826],"class_list":["post-12193","post","type-post","status-publish","format-standard","has-post-thumbnail","hentry","category-know-how","tag-cyberattacke","tag-cyberkriminalitaet","tag-datendiebstahl","tag-hackerangriff","tag-ikp","tag-ikp-salzburg","tag-krisenkommunikation","tag-public-relations","tag-reputation","tag-unternehmenskommunikation","tag-veranstaltung"],"acf":[],"yoast_head":"<!-- This site is optimized with the Yoast SEO plugin v27.2 - https:\/\/yoast.com\/product\/yoast-seo-wordpress\/ -->\n<title>&quot;You are fucked&quot;* - Veranstaltung zu Cyberattacken in Salzburg - ikp | PR Agentur \u00d6sterreich: Wien Salzburg Vorarlberg Graz<\/title>\n<meta name=\"description\" content=\"Veranstaltung am 18.10.2021 in Salzburg zum Thema Cyberattacken: Wie umgehen mit Cyberattacken? Wie Angreifern Paroli bieten? Wie IT-Risiken minimieren und in einer Cyber-Krise kommunizieren?\" \/>\n<meta name=\"robots\" content=\"index, follow, max-snippet:-1, max-image-preview:large, max-video-preview:-1\" \/>\n<link rel=\"canonical\" href=\"https:\/\/ikp.at\/de\/blog\/know-how\/veranstaltung-salzburg-cyberattacke-kommunikation\/\" \/>\n<meta property=\"og:locale\" content=\"de_DE\" \/>\n<meta property=\"og:type\" content=\"article\" \/>\n<meta property=\"og:title\" content=\"&quot;You are fucked&quot;* - Veranstaltung zu Cyberattacken in Salzburg - ikp | PR Agentur \u00d6sterreich: Wien Salzburg Vorarlberg Graz\" \/>\n<meta property=\"og:description\" content=\"Veranstaltung am 18.10.2021 in Salzburg zum Thema Cyberattacken: Wie umgehen mit Cyberattacken? Wie Angreifern Paroli bieten? Wie IT-Risiken minimieren und in einer Cyber-Krise kommunizieren?\" \/>\n<meta property=\"og:url\" content=\"https:\/\/ikp.at\/de\/blog\/know-how\/veranstaltung-salzburg-cyberattacke-kommunikation\/\" \/>\n<meta property=\"og:site_name\" content=\"ikp | PR Agentur \u00d6sterreich: Wien Salzburg Vorarlberg Graz\" \/>\n<meta property=\"article:publisher\" content=\"https:\/\/www.facebook.com\/ikp.PR\" \/>\n<meta property=\"article:published_time\" content=\"2021-09-28T09:11:24+00:00\" \/>\n<meta property=\"og:image\" content=\"https:\/\/ikp.at\/wp-content\/uploads\/2021\/09\/shutterstock_727893628-1-scaled-1.jpg\" \/>\n\t<meta property=\"og:image:width\" content=\"1920\" \/>\n\t<meta property=\"og:image:height\" content=\"1280\" \/>\n\t<meta property=\"og:image:type\" content=\"image\/jpeg\" \/>\n<meta name=\"author\" content=\"ikp\" \/>\n<meta name=\"twitter:card\" content=\"summary_large_image\" \/>\n<meta name=\"twitter:label1\" content=\"Verfasst von\" \/>\n\t<meta name=\"twitter:data1\" content=\"ikp\" \/>\n\t<meta name=\"twitter:label2\" content=\"Gesch\u00e4tzte Lesezeit\" \/>\n\t<meta name=\"twitter:data2\" content=\"3\u00a0Minuten\" \/>\n<script type=\"application\/ld+json\" class=\"yoast-schema-graph\">{\"@context\":\"https:\/\/schema.org\",\"@graph\":[{\"@type\":\"Article\",\"@id\":\"https:\/\/ikp.at\/de\/blog\/know-how\/veranstaltung-salzburg-cyberattacke-kommunikation\/#article\",\"isPartOf\":{\"@id\":\"https:\/\/ikp.at\/de\/blog\/know-how\/veranstaltung-salzburg-cyberattacke-kommunikation\/\"},\"author\":{\"name\":\"ikp\",\"@id\":\"https:\/\/ikp.at\/de\/#\/schema\/person\/8b56a52cf43ca5dc5bda3cbed12622b2\"},\"headline\":\"&#8222;You are fucked&#8220;* &#8211; Veranstaltung zu Cyberattacken in Salzburg\",\"datePublished\":\"2021-09-28T09:11:24+00:00\",\"mainEntityOfPage\":{\"@id\":\"https:\/\/ikp.at\/de\/blog\/know-how\/veranstaltung-salzburg-cyberattacke-kommunikation\/\"},\"wordCount\":526,\"publisher\":{\"@id\":\"https:\/\/ikp.at\/de\/#organization\"},\"image\":{\"@id\":\"https:\/\/ikp.at\/de\/blog\/know-how\/veranstaltung-salzburg-cyberattacke-kommunikation\/#primaryimage\"},\"thumbnailUrl\":\"https:\/\/ikp.at\/wp-content\/uploads\/2021\/09\/shutterstock_727893628-1-scaled-1.jpg\",\"keywords\":[\"Cyberattacke\",\"Cyberkriminalit\u00e4t\",\"Datendiebstahl\",\"Hackerangriff\",\"ikp\",\"ikp Salzburg\",\"Krisenkommunikation\",\"Public Relations\",\"Reputation\",\"Unternehmenskommunikation\",\"Veranstaltung\"],\"articleSection\":[\"Know-how\"],\"inLanguage\":\"de\"},{\"@type\":\"WebPage\",\"@id\":\"https:\/\/ikp.at\/de\/blog\/know-how\/veranstaltung-salzburg-cyberattacke-kommunikation\/\",\"url\":\"https:\/\/ikp.at\/de\/blog\/know-how\/veranstaltung-salzburg-cyberattacke-kommunikation\/\",\"name\":\"\\\"You are fucked\\\"* - Veranstaltung zu Cyberattacken in Salzburg - ikp | PR Agentur \u00d6sterreich: Wien Salzburg Vorarlberg Graz\",\"isPartOf\":{\"@id\":\"https:\/\/ikp.at\/de\/#website\"},\"primaryImageOfPage\":{\"@id\":\"https:\/\/ikp.at\/de\/blog\/know-how\/veranstaltung-salzburg-cyberattacke-kommunikation\/#primaryimage\"},\"image\":{\"@id\":\"https:\/\/ikp.at\/de\/blog\/know-how\/veranstaltung-salzburg-cyberattacke-kommunikation\/#primaryimage\"},\"thumbnailUrl\":\"https:\/\/ikp.at\/wp-content\/uploads\/2021\/09\/shutterstock_727893628-1-scaled-1.jpg\",\"datePublished\":\"2021-09-28T09:11:24+00:00\",\"description\":\"Veranstaltung am 18.10.2021 in Salzburg zum Thema Cyberattacken: Wie umgehen mit Cyberattacken? Wie Angreifern Paroli bieten? Wie IT-Risiken minimieren und in einer Cyber-Krise kommunizieren?\",\"breadcrumb\":{\"@id\":\"https:\/\/ikp.at\/de\/blog\/know-how\/veranstaltung-salzburg-cyberattacke-kommunikation\/#breadcrumb\"},\"inLanguage\":\"de\",\"potentialAction\":[{\"@type\":\"ReadAction\",\"target\":[\"https:\/\/ikp.at\/de\/blog\/know-how\/veranstaltung-salzburg-cyberattacke-kommunikation\/\"]}]},{\"@type\":\"ImageObject\",\"inLanguage\":\"de\",\"@id\":\"https:\/\/ikp.at\/de\/blog\/know-how\/veranstaltung-salzburg-cyberattacke-kommunikation\/#primaryimage\",\"url\":\"https:\/\/ikp.at\/wp-content\/uploads\/2021\/09\/shutterstock_727893628-1-scaled-1.jpg\",\"contentUrl\":\"https:\/\/ikp.at\/wp-content\/uploads\/2021\/09\/shutterstock_727893628-1-scaled-1.jpg\",\"width\":1920,\"height\":1280,\"caption\":\"Grunge window glass with silhouette of a man hand on a bokeh motion blurred artistic binary numbers data background.\"},{\"@type\":\"BreadcrumbList\",\"@id\":\"https:\/\/ikp.at\/de\/blog\/know-how\/veranstaltung-salzburg-cyberattacke-kommunikation\/#breadcrumb\",\"itemListElement\":[{\"@type\":\"ListItem\",\"position\":1,\"name\":\"Startseite\",\"item\":\"https:\/\/ikp.at\/de\/\"},{\"@type\":\"ListItem\",\"position\":2,\"name\":\"&#8222;You are fucked&#8220;* &#8211; Veranstaltung zu Cyberattacken in Salzburg\"}]},{\"@type\":\"WebSite\",\"@id\":\"https:\/\/ikp.at\/de\/#website\",\"url\":\"https:\/\/ikp.at\/de\/\",\"name\":\"ikp | PR Agentur \u00d6sterreich: Wien Salzburg Vorarlberg Graz\",\"description\":\"\",\"publisher\":{\"@id\":\"https:\/\/ikp.at\/de\/#organization\"},\"potentialAction\":[{\"@type\":\"SearchAction\",\"target\":{\"@type\":\"EntryPoint\",\"urlTemplate\":\"https:\/\/ikp.at\/de\/?s={search_term_string}\"},\"query-input\":{\"@type\":\"PropertyValueSpecification\",\"valueRequired\":true,\"valueName\":\"search_term_string\"}}],\"inLanguage\":\"de\"},{\"@type\":\"Organization\",\"@id\":\"https:\/\/ikp.at\/de\/#organization\",\"name\":\"ikp | PR Agentur \u00d6sterreich: Wien Salzburg Vorarlberg Graz\",\"url\":\"https:\/\/ikp.at\/de\/\",\"logo\":{\"@type\":\"ImageObject\",\"inLanguage\":\"de\",\"@id\":\"https:\/\/ikp.at\/de\/#\/schema\/logo\/image\/\",\"url\":\"https:\/\/ikp.at\/wp-content\/uploads\/2023\/03\/ikp-logo-yoast.jpg\",\"contentUrl\":\"https:\/\/ikp.at\/wp-content\/uploads\/2023\/03\/ikp-logo-yoast.jpg\",\"width\":696,\"height\":696,\"caption\":\"ikp | PR Agentur \u00d6sterreich: Wien Salzburg Vorarlberg Graz\"},\"image\":{\"@id\":\"https:\/\/ikp.at\/de\/#\/schema\/logo\/image\/\"},\"sameAs\":[\"https:\/\/www.facebook.com\/ikp.PR\",\"https:\/\/www.linkedin.com\/company\/ikp\/\",\"https:\/\/www.instagram.com\/ikp_pr\/\",\"https:\/\/www.tiktok.com\/@ikp.pr\",\"https:\/\/www.youtube.com\/@ikpPRundLobbying\"]},{\"@type\":\"Person\",\"@id\":\"https:\/\/ikp.at\/de\/#\/schema\/person\/8b56a52cf43ca5dc5bda3cbed12622b2\",\"name\":\"ikp\"}]}<\/script>\n<!-- \/ Yoast SEO plugin. -->","yoast_head_json":{"title":"\"You are fucked\"* - Veranstaltung zu Cyberattacken in Salzburg - ikp | PR Agentur \u00d6sterreich: Wien Salzburg Vorarlberg Graz","description":"Veranstaltung am 18.10.2021 in Salzburg zum Thema Cyberattacken: Wie umgehen mit Cyberattacken? Wie Angreifern Paroli bieten? Wie IT-Risiken minimieren und in einer Cyber-Krise kommunizieren?","robots":{"index":"index","follow":"follow","max-snippet":"max-snippet:-1","max-image-preview":"max-image-preview:large","max-video-preview":"max-video-preview:-1"},"canonical":"https:\/\/ikp.at\/de\/blog\/know-how\/veranstaltung-salzburg-cyberattacke-kommunikation\/","og_locale":"de_DE","og_type":"article","og_title":"\"You are fucked\"* - Veranstaltung zu Cyberattacken in Salzburg - ikp | PR Agentur \u00d6sterreich: Wien Salzburg Vorarlberg Graz","og_description":"Veranstaltung am 18.10.2021 in Salzburg zum Thema Cyberattacken: Wie umgehen mit Cyberattacken? Wie Angreifern Paroli bieten? Wie IT-Risiken minimieren und in einer Cyber-Krise kommunizieren?","og_url":"https:\/\/ikp.at\/de\/blog\/know-how\/veranstaltung-salzburg-cyberattacke-kommunikation\/","og_site_name":"ikp | PR Agentur \u00d6sterreich: Wien Salzburg Vorarlberg Graz","article_publisher":"https:\/\/www.facebook.com\/ikp.PR","article_published_time":"2021-09-28T09:11:24+00:00","og_image":[{"width":1920,"height":1280,"url":"https:\/\/ikp.at\/wp-content\/uploads\/2021\/09\/shutterstock_727893628-1-scaled-1.jpg","type":"image\/jpeg"}],"author":"ikp","twitter_card":"summary_large_image","twitter_misc":{"Verfasst von":"ikp","Gesch\u00e4tzte Lesezeit":"3\u00a0Minuten"},"schema":{"@context":"https:\/\/schema.org","@graph":[{"@type":"Article","@id":"https:\/\/ikp.at\/de\/blog\/know-how\/veranstaltung-salzburg-cyberattacke-kommunikation\/#article","isPartOf":{"@id":"https:\/\/ikp.at\/de\/blog\/know-how\/veranstaltung-salzburg-cyberattacke-kommunikation\/"},"author":{"name":"ikp","@id":"https:\/\/ikp.at\/de\/#\/schema\/person\/8b56a52cf43ca5dc5bda3cbed12622b2"},"headline":"&#8222;You are fucked&#8220;* &#8211; Veranstaltung zu Cyberattacken in Salzburg","datePublished":"2021-09-28T09:11:24+00:00","mainEntityOfPage":{"@id":"https:\/\/ikp.at\/de\/blog\/know-how\/veranstaltung-salzburg-cyberattacke-kommunikation\/"},"wordCount":526,"publisher":{"@id":"https:\/\/ikp.at\/de\/#organization"},"image":{"@id":"https:\/\/ikp.at\/de\/blog\/know-how\/veranstaltung-salzburg-cyberattacke-kommunikation\/#primaryimage"},"thumbnailUrl":"https:\/\/ikp.at\/wp-content\/uploads\/2021\/09\/shutterstock_727893628-1-scaled-1.jpg","keywords":["Cyberattacke","Cyberkriminalit\u00e4t","Datendiebstahl","Hackerangriff","ikp","ikp Salzburg","Krisenkommunikation","Public Relations","Reputation","Unternehmenskommunikation","Veranstaltung"],"articleSection":["Know-how"],"inLanguage":"de"},{"@type":"WebPage","@id":"https:\/\/ikp.at\/de\/blog\/know-how\/veranstaltung-salzburg-cyberattacke-kommunikation\/","url":"https:\/\/ikp.at\/de\/blog\/know-how\/veranstaltung-salzburg-cyberattacke-kommunikation\/","name":"\"You are fucked\"* - Veranstaltung zu Cyberattacken in Salzburg - ikp | PR Agentur \u00d6sterreich: Wien Salzburg Vorarlberg Graz","isPartOf":{"@id":"https:\/\/ikp.at\/de\/#website"},"primaryImageOfPage":{"@id":"https:\/\/ikp.at\/de\/blog\/know-how\/veranstaltung-salzburg-cyberattacke-kommunikation\/#primaryimage"},"image":{"@id":"https:\/\/ikp.at\/de\/blog\/know-how\/veranstaltung-salzburg-cyberattacke-kommunikation\/#primaryimage"},"thumbnailUrl":"https:\/\/ikp.at\/wp-content\/uploads\/2021\/09\/shutterstock_727893628-1-scaled-1.jpg","datePublished":"2021-09-28T09:11:24+00:00","description":"Veranstaltung am 18.10.2021 in Salzburg zum Thema Cyberattacken: Wie umgehen mit Cyberattacken? Wie Angreifern Paroli bieten? Wie IT-Risiken minimieren und in einer Cyber-Krise kommunizieren?","breadcrumb":{"@id":"https:\/\/ikp.at\/de\/blog\/know-how\/veranstaltung-salzburg-cyberattacke-kommunikation\/#breadcrumb"},"inLanguage":"de","potentialAction":[{"@type":"ReadAction","target":["https:\/\/ikp.at\/de\/blog\/know-how\/veranstaltung-salzburg-cyberattacke-kommunikation\/"]}]},{"@type":"ImageObject","inLanguage":"de","@id":"https:\/\/ikp.at\/de\/blog\/know-how\/veranstaltung-salzburg-cyberattacke-kommunikation\/#primaryimage","url":"https:\/\/ikp.at\/wp-content\/uploads\/2021\/09\/shutterstock_727893628-1-scaled-1.jpg","contentUrl":"https:\/\/ikp.at\/wp-content\/uploads\/2021\/09\/shutterstock_727893628-1-scaled-1.jpg","width":1920,"height":1280,"caption":"Grunge window glass with silhouette of a man hand on a bokeh motion blurred artistic binary numbers data background."},{"@type":"BreadcrumbList","@id":"https:\/\/ikp.at\/de\/blog\/know-how\/veranstaltung-salzburg-cyberattacke-kommunikation\/#breadcrumb","itemListElement":[{"@type":"ListItem","position":1,"name":"Startseite","item":"https:\/\/ikp.at\/de\/"},{"@type":"ListItem","position":2,"name":"&#8222;You are fucked&#8220;* &#8211; Veranstaltung zu Cyberattacken in Salzburg"}]},{"@type":"WebSite","@id":"https:\/\/ikp.at\/de\/#website","url":"https:\/\/ikp.at\/de\/","name":"ikp | PR Agentur \u00d6sterreich: Wien Salzburg Vorarlberg Graz","description":"","publisher":{"@id":"https:\/\/ikp.at\/de\/#organization"},"potentialAction":[{"@type":"SearchAction","target":{"@type":"EntryPoint","urlTemplate":"https:\/\/ikp.at\/de\/?s={search_term_string}"},"query-input":{"@type":"PropertyValueSpecification","valueRequired":true,"valueName":"search_term_string"}}],"inLanguage":"de"},{"@type":"Organization","@id":"https:\/\/ikp.at\/de\/#organization","name":"ikp | PR Agentur \u00d6sterreich: Wien Salzburg Vorarlberg Graz","url":"https:\/\/ikp.at\/de\/","logo":{"@type":"ImageObject","inLanguage":"de","@id":"https:\/\/ikp.at\/de\/#\/schema\/logo\/image\/","url":"https:\/\/ikp.at\/wp-content\/uploads\/2023\/03\/ikp-logo-yoast.jpg","contentUrl":"https:\/\/ikp.at\/wp-content\/uploads\/2023\/03\/ikp-logo-yoast.jpg","width":696,"height":696,"caption":"ikp | PR Agentur \u00d6sterreich: Wien Salzburg Vorarlberg Graz"},"image":{"@id":"https:\/\/ikp.at\/de\/#\/schema\/logo\/image\/"},"sameAs":["https:\/\/www.facebook.com\/ikp.PR","https:\/\/www.linkedin.com\/company\/ikp\/","https:\/\/www.instagram.com\/ikp_pr\/","https:\/\/www.tiktok.com\/@ikp.pr","https:\/\/www.youtube.com\/@ikpPRundLobbying"]},{"@type":"Person","@id":"https:\/\/ikp.at\/de\/#\/schema\/person\/8b56a52cf43ca5dc5bda3cbed12622b2","name":"ikp"}]}},"_links":{"self":[{"href":"https:\/\/ikp.at\/de\/wp-json\/wp\/v2\/posts\/12193","targetHints":{"allow":["GET"]}}],"collection":[{"href":"https:\/\/ikp.at\/de\/wp-json\/wp\/v2\/posts"}],"about":[{"href":"https:\/\/ikp.at\/de\/wp-json\/wp\/v2\/types\/post"}],"author":[{"embeddable":true,"href":"https:\/\/ikp.at\/de\/wp-json\/wp\/v2\/users\/7"}],"replies":[{"embeddable":true,"href":"https:\/\/ikp.at\/de\/wp-json\/wp\/v2\/comments?post=12193"}],"version-history":[{"count":0,"href":"https:\/\/ikp.at\/de\/wp-json\/wp\/v2\/posts\/12193\/revisions"}],"wp:featuredmedia":[{"embeddable":true,"href":"https:\/\/ikp.at\/de\/wp-json\/wp\/v2\/media\/12194"}],"wp:attachment":[{"href":"https:\/\/ikp.at\/de\/wp-json\/wp\/v2\/media?parent=12193"}],"wp:term":[{"taxonomy":"category","embeddable":true,"href":"https:\/\/ikp.at\/de\/wp-json\/wp\/v2\/categories?post=12193"},{"taxonomy":"post_tag","embeddable":true,"href":"https:\/\/ikp.at\/de\/wp-json\/wp\/v2\/tags?post=12193"}],"curies":[{"name":"wp","href":"https:\/\/api.w.org\/{rel}","templated":true}]}}