{"id":13412,"date":"2022-11-02T15:48:21","date_gmt":"2022-11-02T15:48:21","guid":{"rendered":"https:\/\/www.ikp.at\/?p=13412"},"modified":"2023-03-01T13:00:59","modified_gmt":"2023-03-01T13:00:59","slug":"ikp-wien-waechst-drei-neue-teammitglieder-in-der-museumstrasse","status":"publish","type":"post","link":"https:\/\/ikp.at\/de\/blog\/ikp-news\/ikp-wien-waechst-drei-neue-teammitglieder-in-der-museumstrasse\/","title":{"rendered":"ikp Wien w\u00e4chst: Drei neue Teammitglieder in der Museumstra\u00dfe"},"content":{"rendered":"<p><strong>Ein Hattrick f\u00fcr die Wiener PR-Agentur: ikp Wien holt mit Philip Wamprechtsamer (28) als Consultant und Benjamin Fischer (27) sowie Anna Steinlechner (26) als Junior Consultants gleich dreifache Verst\u00e4rkung an Bord.<\/strong><\/p>\n<p>Mit <strong>Philip Wamprechtsamer<\/strong> ist das engagierte Team im 7. Bezirk seit September um ein kompetentes Mitglied reicher. Als Consultant betreut der geb\u00fcrtige Wiener in erster Linie Kund*innen im Energie- und Industriesektor. Zu seinen vielf\u00e4ltigen Aufgaben z\u00e4hlen klassische Medienarbeit, strategische Kommunikationsberatung sowie Online- und Krisen-PR. Dabei verbindet er sein praktisches Know-how mit wissenschaftlicher Fachexpertise, denn Philip ist abseits der Agentur auch als FH- und Universit\u00e4tslektor t\u00e4tig. Dar\u00fcber hinaus arbeitet der 28-J\u00e4hrige derzeit an seiner Dissertation an der Universit\u00e4t Salzburg, in der er den Umgang mit Transparenz in der PR erforscht.<\/p>\n<p>Philip hat das Bachelorstudium Media- und Kommunikationsberatung an der FH St. P\u00f6lten sowie das Masterstudium Kommunikationsmanagement an der FHWien der WKW absolviert. Bereits w\u00e4hrend seiner akademischen Ausbildung sammelte er umfassende Praxiserfahrungen auf Agenturseite und engagierte sich mehrere Jahre ehrenamtlich bei den PRVA Newcomers, der Nachwuchsorganisation des \u00f6sterreichischen PR-Verbands.<\/p>\n<p><strong>Benjamin Fischer<\/strong> erg\u00e4nzt seit Juli das ikp-Team als Junior Consultant. Der 27-J\u00e4hrige unterst\u00fctzt die Kundenteams vorwiegend in den Bereichen Markenartikel, Handel &amp; Tourismus, Industrie &amp; Energie sowie Finanzen &amp; Services. Die Aufgaben des geb\u00fcrtigen K\u00e4rntners sind breit gef\u00e4chert \u2013 vom Erarbeiten von Presseaussendungen \u00fcber Medienarbeit, Reporting und Medienbeobachtung bis hin zur Konzeption und Durchf\u00fchrung diverser PR-Aktivit\u00e4ten fallen verschiedene Tasks in seinen T\u00e4tigkeitsbereich. Agenturintern erg\u00e4nzt er das Redaktionsteam des ikp-eigenen Kundenmagazins PRspektiven.<\/p>\n<p>Vor seinem Start bei ikp hat Benjamin verschiedene internationale Kommunikationsaufgaben bei den Vereinten Nationen sowie in der \u00f6sterreichischen Bundesverwaltung, der Medienbranche und der Privatwirtschaft \u00fcbernommen. Er verf\u00fcgt \u00fcber einen Bachelorabschluss in Transkultureller Kommunikation von der Universit\u00e4t Wien sowie zwei Masterabschl\u00fcsse in Politik- und Verwaltungswissenschaft von der Universitat Pompeu Fabra Barcelona bzw. der Universit\u00e4t Konstanz. Benjamins Expertise und Interessensschwerpunkte liegen unter anderem in den Bereichen Inklusion, Diversit\u00e4t und Geschlechtergleichstellung.<\/p>\n<p><strong>Anna Steinlechner<\/strong> startete im September 2022 als Junior Consultant bei ikp Wien und betreut vor allem Kund*innen in den Bereichen Industrie &amp; Energie, Markenartikel, Handel &amp; Tourismus sowie Bauen.Wohnen.Leben. Anna unterst\u00fctzt die Kundenteams bei der Erstellung und Distribution verschiedenster Textsorten, aber auch bei Recherchet\u00e4tigkeiten und in der Kundenbetreuung. Die geb\u00fcrtige Tirolerin ist eine Allrounderin \u2013 mit ihrem ausgepr\u00e4gten Organisationstalent sorgt sie f\u00fcr ein reibungsloses Projektmanagement und legt auch bei Text und Grafik Hand an.<\/p>\n<p>Die 26-J\u00e4hrige lebt seit 2017 in Wien, studiert Publizistik- und Kommunikationswissenschaft und schreibt derzeit ihre Masterarbeit. Vor ihrer T\u00e4tigkeit bei ikp absolvierte sie eine Lehre als Mediendesignerin in einer Werbeagentur und sammelte Erfahrungen in der politischen Kommunikation.<\/p>\n<p>&nbsp;<\/p>\n<p>Foto: (v.l.n.r.) Philip Wamprechtsamer, Anna Steinlechner, Benjamin Fischer<\/p>\n<p>Fotocredit: ikp Wien\/Gabriele Diwald \u2013 Abdruck honorarfrei<\/p>\n","protected":false},"excerpt":{"rendered":"<p>ikp Wien holt mit Philip Wamprechtsamer als Consultant, Benjamin Fischer sowie Anna Steinlechner als Junior Consultants dreifache Verst\u00e4rkung an Bord.<\/p>\n","protected":false},"author":7,"featured_media":13413,"comment_status":"closed","ping_status":"closed","sticky":false,"template":"","format":"standard","meta":{"_acf_changed":false,"footnotes":""},"categories":[1105],"tags":[65,1042,977,443,70,444,30,73,1033,60,77,78,79,61,80,44,81],"class_list":["post-13412","post","type-post","status-publish","format-standard","has-post-thumbnail","hentry","category-ikp-news","tag-agentur","tag-anna-steinlechner","tag-benjamin-fischer","tag-consultant","tag-ikp","tag-junior-consultant","tag-kommunikation","tag-kommunikationsagentur","tag-philip-wamprechtsamer","tag-pr","tag-pr-agency","tag-pr-agentur","tag-pr-branche","tag-pressearbeit","tag-public-relations","tag-social-media","tag-wien"],"acf":[],"yoast_head":"<!-- This site is optimized with the Yoast SEO plugin v27.2 - https:\/\/yoast.com\/product\/yoast-seo-wordpress\/ -->\n<title>ikp Wien w\u00e4chst: Drei neue Teammitglieder in der Museumstra\u00dfe - ikp | PR Agentur \u00d6sterreich: Wien Salzburg Vorarlberg Graz<\/title>\n<meta name=\"description\" content=\"ikp Wien holt mit Philip Wamprechtsamer als Consultant, Benjamin Fischer sowie Anna Steinlechner als Junior Consultants dreifache Verst\u00e4rkung an Bord.\" \/>\n<meta name=\"robots\" content=\"index, follow, max-snippet:-1, max-image-preview:large, max-video-preview:-1\" \/>\n<link rel=\"canonical\" href=\"https:\/\/ikp.at\/de\/blog\/ikp-news\/ikp-wien-waechst-drei-neue-teammitglieder-in-der-museumstrasse\/\" \/>\n<meta property=\"og:locale\" content=\"de_DE\" \/>\n<meta property=\"og:type\" content=\"article\" \/>\n<meta property=\"og:title\" content=\"ikp Wien w\u00e4chst: Drei neue Teammitglieder in der Museumstra\u00dfe - ikp | PR Agentur \u00d6sterreich: Wien Salzburg Vorarlberg Graz\" \/>\n<meta property=\"og:description\" content=\"ikp Wien holt mit Philip Wamprechtsamer als Consultant, Benjamin Fischer sowie Anna Steinlechner als Junior Consultants dreifache Verst\u00e4rkung an Bord.\" \/>\n<meta property=\"og:url\" content=\"https:\/\/ikp.at\/de\/blog\/ikp-news\/ikp-wien-waechst-drei-neue-teammitglieder-in-der-museumstrasse\/\" \/>\n<meta property=\"og:site_name\" content=\"ikp | PR Agentur \u00d6sterreich: Wien Salzburg Vorarlberg Graz\" \/>\n<meta property=\"article:publisher\" content=\"https:\/\/www.facebook.com\/ikp.PR\" \/>\n<meta property=\"article:published_time\" content=\"2022-11-02T15:48:21+00:00\" \/>\n<meta property=\"article:modified_time\" content=\"2023-03-01T13:00:59+00:00\" \/>\n<meta property=\"og:image\" content=\"https:\/\/ikp.at\/wp-content\/uploads\/2022\/11\/ikp_Wamprechtsamer-Steinlechner-Fischer_Presse_-scaled-1.jpg\" \/>\n\t<meta property=\"og:image:width\" content=\"1920\" \/>\n\t<meta property=\"og:image:height\" content=\"1280\" \/>\n\t<meta property=\"og:image:type\" content=\"image\/jpeg\" \/>\n<meta name=\"author\" content=\"ikp\" \/>\n<meta name=\"twitter:card\" content=\"summary_large_image\" \/>\n<meta name=\"twitter:label1\" content=\"Verfasst von\" \/>\n\t<meta name=\"twitter:data1\" content=\"ikp\" \/>\n\t<meta name=\"twitter:label2\" content=\"Gesch\u00e4tzte Lesezeit\" \/>\n\t<meta name=\"twitter:data2\" content=\"2\u00a0Minuten\" \/>\n<script type=\"application\/ld+json\" class=\"yoast-schema-graph\">{\"@context\":\"https:\/\/schema.org\",\"@graph\":[{\"@type\":\"Article\",\"@id\":\"https:\/\/ikp.at\/de\/blog\/ikp-news\/ikp-wien-waechst-drei-neue-teammitglieder-in-der-museumstrasse\/#article\",\"isPartOf\":{\"@id\":\"https:\/\/ikp.at\/de\/blog\/ikp-news\/ikp-wien-waechst-drei-neue-teammitglieder-in-der-museumstrasse\/\"},\"author\":{\"name\":\"ikp\",\"@id\":\"https:\/\/ikp.at\/de\/#\/schema\/person\/8b56a52cf43ca5dc5bda3cbed12622b2\"},\"headline\":\"ikp Wien w\u00e4chst: Drei neue Teammitglieder in der Museumstra\u00dfe\",\"datePublished\":\"2022-11-02T15:48:21+00:00\",\"dateModified\":\"2023-03-01T13:00:59+00:00\",\"mainEntityOfPage\":{\"@id\":\"https:\/\/ikp.at\/de\/blog\/ikp-news\/ikp-wien-waechst-drei-neue-teammitglieder-in-der-museumstrasse\/\"},\"wordCount\":478,\"publisher\":{\"@id\":\"https:\/\/ikp.at\/de\/#organization\"},\"image\":{\"@id\":\"https:\/\/ikp.at\/de\/blog\/ikp-news\/ikp-wien-waechst-drei-neue-teammitglieder-in-der-museumstrasse\/#primaryimage\"},\"thumbnailUrl\":\"https:\/\/ikp.at\/wp-content\/uploads\/2022\/11\/ikp_Wamprechtsamer-Steinlechner-Fischer_Presse_-scaled-1.jpg\",\"keywords\":[\"Agentur\",\"Anna Steinlechner\",\"Benjamin Fischer\",\"Consultant\",\"ikp\",\"Junior Consultant\",\"Kommunikation\",\"Kommunikationsagentur\",\"Philip Wamprechtsamer\",\"PR\",\"PR-Agency\",\"PR-Agentur\",\"PR-Branche\",\"Pressearbeit\",\"Public Relations\",\"Social Media\",\"Wien\"],\"articleSection\":[\"ikp News\"],\"inLanguage\":\"de\"},{\"@type\":\"WebPage\",\"@id\":\"https:\/\/ikp.at\/de\/blog\/ikp-news\/ikp-wien-waechst-drei-neue-teammitglieder-in-der-museumstrasse\/\",\"url\":\"https:\/\/ikp.at\/de\/blog\/ikp-news\/ikp-wien-waechst-drei-neue-teammitglieder-in-der-museumstrasse\/\",\"name\":\"ikp Wien w\u00e4chst: Drei neue Teammitglieder in der Museumstra\u00dfe - ikp | PR Agentur \u00d6sterreich: Wien Salzburg Vorarlberg Graz\",\"isPartOf\":{\"@id\":\"https:\/\/ikp.at\/de\/#website\"},\"primaryImageOfPage\":{\"@id\":\"https:\/\/ikp.at\/de\/blog\/ikp-news\/ikp-wien-waechst-drei-neue-teammitglieder-in-der-museumstrasse\/#primaryimage\"},\"image\":{\"@id\":\"https:\/\/ikp.at\/de\/blog\/ikp-news\/ikp-wien-waechst-drei-neue-teammitglieder-in-der-museumstrasse\/#primaryimage\"},\"thumbnailUrl\":\"https:\/\/ikp.at\/wp-content\/uploads\/2022\/11\/ikp_Wamprechtsamer-Steinlechner-Fischer_Presse_-scaled-1.jpg\",\"datePublished\":\"2022-11-02T15:48:21+00:00\",\"dateModified\":\"2023-03-01T13:00:59+00:00\",\"description\":\"ikp Wien holt mit Philip Wamprechtsamer als Consultant, Benjamin Fischer sowie Anna Steinlechner als Junior Consultants dreifache Verst\u00e4rkung an Bord.\",\"breadcrumb\":{\"@id\":\"https:\/\/ikp.at\/de\/blog\/ikp-news\/ikp-wien-waechst-drei-neue-teammitglieder-in-der-museumstrasse\/#breadcrumb\"},\"inLanguage\":\"de\",\"potentialAction\":[{\"@type\":\"ReadAction\",\"target\":[\"https:\/\/ikp.at\/de\/blog\/ikp-news\/ikp-wien-waechst-drei-neue-teammitglieder-in-der-museumstrasse\/\"]}]},{\"@type\":\"ImageObject\",\"inLanguage\":\"de\",\"@id\":\"https:\/\/ikp.at\/de\/blog\/ikp-news\/ikp-wien-waechst-drei-neue-teammitglieder-in-der-museumstrasse\/#primaryimage\",\"url\":\"https:\/\/ikp.at\/wp-content\/uploads\/2022\/11\/ikp_Wamprechtsamer-Steinlechner-Fischer_Presse_-scaled-1.jpg\",\"contentUrl\":\"https:\/\/ikp.at\/wp-content\/uploads\/2022\/11\/ikp_Wamprechtsamer-Steinlechner-Fischer_Presse_-scaled-1.jpg\",\"width\":1920,\"height\":1280,\"caption\":\"Philip Wamprechtsamer, Anna Steinlechner, Benjamin Fischer\"},{\"@type\":\"BreadcrumbList\",\"@id\":\"https:\/\/ikp.at\/de\/blog\/ikp-news\/ikp-wien-waechst-drei-neue-teammitglieder-in-der-museumstrasse\/#breadcrumb\",\"itemListElement\":[{\"@type\":\"ListItem\",\"position\":1,\"name\":\"Startseite\",\"item\":\"https:\/\/ikp.at\/de\/\"},{\"@type\":\"ListItem\",\"position\":2,\"name\":\"ikp Wien w\u00e4chst: Drei neue Teammitglieder in der Museumstra\u00dfe\"}]},{\"@type\":\"WebSite\",\"@id\":\"https:\/\/ikp.at\/de\/#website\",\"url\":\"https:\/\/ikp.at\/de\/\",\"name\":\"ikp | PR Agentur \u00d6sterreich: Wien Salzburg Vorarlberg Graz\",\"description\":\"\",\"publisher\":{\"@id\":\"https:\/\/ikp.at\/de\/#organization\"},\"potentialAction\":[{\"@type\":\"SearchAction\",\"target\":{\"@type\":\"EntryPoint\",\"urlTemplate\":\"https:\/\/ikp.at\/de\/?s={search_term_string}\"},\"query-input\":{\"@type\":\"PropertyValueSpecification\",\"valueRequired\":true,\"valueName\":\"search_term_string\"}}],\"inLanguage\":\"de\"},{\"@type\":\"Organization\",\"@id\":\"https:\/\/ikp.at\/de\/#organization\",\"name\":\"ikp | PR Agentur \u00d6sterreich: Wien Salzburg Vorarlberg Graz\",\"url\":\"https:\/\/ikp.at\/de\/\",\"logo\":{\"@type\":\"ImageObject\",\"inLanguage\":\"de\",\"@id\":\"https:\/\/ikp.at\/de\/#\/schema\/logo\/image\/\",\"url\":\"https:\/\/ikp.at\/wp-content\/uploads\/2023\/03\/ikp-logo-yoast.jpg\",\"contentUrl\":\"https:\/\/ikp.at\/wp-content\/uploads\/2023\/03\/ikp-logo-yoast.jpg\",\"width\":696,\"height\":696,\"caption\":\"ikp | PR Agentur \u00d6sterreich: Wien Salzburg Vorarlberg Graz\"},\"image\":{\"@id\":\"https:\/\/ikp.at\/de\/#\/schema\/logo\/image\/\"},\"sameAs\":[\"https:\/\/www.facebook.com\/ikp.PR\",\"https:\/\/www.linkedin.com\/company\/ikp\/\",\"https:\/\/www.instagram.com\/ikp_pr\/\",\"https:\/\/www.tiktok.com\/@ikp.pr\",\"https:\/\/www.youtube.com\/@ikpPRundLobbying\"]},{\"@type\":\"Person\",\"@id\":\"https:\/\/ikp.at\/de\/#\/schema\/person\/8b56a52cf43ca5dc5bda3cbed12622b2\",\"name\":\"ikp\"}]}<\/script>\n<!-- \/ Yoast SEO plugin. -->","yoast_head_json":{"title":"ikp Wien w\u00e4chst: Drei neue Teammitglieder in der Museumstra\u00dfe - ikp | PR Agentur \u00d6sterreich: Wien Salzburg Vorarlberg Graz","description":"ikp Wien holt mit Philip Wamprechtsamer als Consultant, Benjamin Fischer sowie Anna Steinlechner als Junior Consultants dreifache Verst\u00e4rkung an Bord.","robots":{"index":"index","follow":"follow","max-snippet":"max-snippet:-1","max-image-preview":"max-image-preview:large","max-video-preview":"max-video-preview:-1"},"canonical":"https:\/\/ikp.at\/de\/blog\/ikp-news\/ikp-wien-waechst-drei-neue-teammitglieder-in-der-museumstrasse\/","og_locale":"de_DE","og_type":"article","og_title":"ikp Wien w\u00e4chst: Drei neue Teammitglieder in der Museumstra\u00dfe - ikp | PR Agentur \u00d6sterreich: Wien Salzburg Vorarlberg Graz","og_description":"ikp Wien holt mit Philip Wamprechtsamer als Consultant, Benjamin Fischer sowie Anna Steinlechner als Junior Consultants dreifache Verst\u00e4rkung an Bord.","og_url":"https:\/\/ikp.at\/de\/blog\/ikp-news\/ikp-wien-waechst-drei-neue-teammitglieder-in-der-museumstrasse\/","og_site_name":"ikp | PR Agentur \u00d6sterreich: Wien Salzburg Vorarlberg Graz","article_publisher":"https:\/\/www.facebook.com\/ikp.PR","article_published_time":"2022-11-02T15:48:21+00:00","article_modified_time":"2023-03-01T13:00:59+00:00","og_image":[{"width":1920,"height":1280,"url":"https:\/\/ikp.at\/wp-content\/uploads\/2022\/11\/ikp_Wamprechtsamer-Steinlechner-Fischer_Presse_-scaled-1.jpg","type":"image\/jpeg"}],"author":"ikp","twitter_card":"summary_large_image","twitter_misc":{"Verfasst von":"ikp","Gesch\u00e4tzte Lesezeit":"2\u00a0Minuten"},"schema":{"@context":"https:\/\/schema.org","@graph":[{"@type":"Article","@id":"https:\/\/ikp.at\/de\/blog\/ikp-news\/ikp-wien-waechst-drei-neue-teammitglieder-in-der-museumstrasse\/#article","isPartOf":{"@id":"https:\/\/ikp.at\/de\/blog\/ikp-news\/ikp-wien-waechst-drei-neue-teammitglieder-in-der-museumstrasse\/"},"author":{"name":"ikp","@id":"https:\/\/ikp.at\/de\/#\/schema\/person\/8b56a52cf43ca5dc5bda3cbed12622b2"},"headline":"ikp Wien w\u00e4chst: Drei neue Teammitglieder in der Museumstra\u00dfe","datePublished":"2022-11-02T15:48:21+00:00","dateModified":"2023-03-01T13:00:59+00:00","mainEntityOfPage":{"@id":"https:\/\/ikp.at\/de\/blog\/ikp-news\/ikp-wien-waechst-drei-neue-teammitglieder-in-der-museumstrasse\/"},"wordCount":478,"publisher":{"@id":"https:\/\/ikp.at\/de\/#organization"},"image":{"@id":"https:\/\/ikp.at\/de\/blog\/ikp-news\/ikp-wien-waechst-drei-neue-teammitglieder-in-der-museumstrasse\/#primaryimage"},"thumbnailUrl":"https:\/\/ikp.at\/wp-content\/uploads\/2022\/11\/ikp_Wamprechtsamer-Steinlechner-Fischer_Presse_-scaled-1.jpg","keywords":["Agentur","Anna Steinlechner","Benjamin Fischer","Consultant","ikp","Junior Consultant","Kommunikation","Kommunikationsagentur","Philip Wamprechtsamer","PR","PR-Agency","PR-Agentur","PR-Branche","Pressearbeit","Public Relations","Social Media","Wien"],"articleSection":["ikp News"],"inLanguage":"de"},{"@type":"WebPage","@id":"https:\/\/ikp.at\/de\/blog\/ikp-news\/ikp-wien-waechst-drei-neue-teammitglieder-in-der-museumstrasse\/","url":"https:\/\/ikp.at\/de\/blog\/ikp-news\/ikp-wien-waechst-drei-neue-teammitglieder-in-der-museumstrasse\/","name":"ikp Wien w\u00e4chst: Drei neue Teammitglieder in der Museumstra\u00dfe - ikp | PR Agentur \u00d6sterreich: Wien Salzburg Vorarlberg Graz","isPartOf":{"@id":"https:\/\/ikp.at\/de\/#website"},"primaryImageOfPage":{"@id":"https:\/\/ikp.at\/de\/blog\/ikp-news\/ikp-wien-waechst-drei-neue-teammitglieder-in-der-museumstrasse\/#primaryimage"},"image":{"@id":"https:\/\/ikp.at\/de\/blog\/ikp-news\/ikp-wien-waechst-drei-neue-teammitglieder-in-der-museumstrasse\/#primaryimage"},"thumbnailUrl":"https:\/\/ikp.at\/wp-content\/uploads\/2022\/11\/ikp_Wamprechtsamer-Steinlechner-Fischer_Presse_-scaled-1.jpg","datePublished":"2022-11-02T15:48:21+00:00","dateModified":"2023-03-01T13:00:59+00:00","description":"ikp Wien holt mit Philip Wamprechtsamer als Consultant, Benjamin Fischer sowie Anna Steinlechner als Junior Consultants dreifache Verst\u00e4rkung an Bord.","breadcrumb":{"@id":"https:\/\/ikp.at\/de\/blog\/ikp-news\/ikp-wien-waechst-drei-neue-teammitglieder-in-der-museumstrasse\/#breadcrumb"},"inLanguage":"de","potentialAction":[{"@type":"ReadAction","target":["https:\/\/ikp.at\/de\/blog\/ikp-news\/ikp-wien-waechst-drei-neue-teammitglieder-in-der-museumstrasse\/"]}]},{"@type":"ImageObject","inLanguage":"de","@id":"https:\/\/ikp.at\/de\/blog\/ikp-news\/ikp-wien-waechst-drei-neue-teammitglieder-in-der-museumstrasse\/#primaryimage","url":"https:\/\/ikp.at\/wp-content\/uploads\/2022\/11\/ikp_Wamprechtsamer-Steinlechner-Fischer_Presse_-scaled-1.jpg","contentUrl":"https:\/\/ikp.at\/wp-content\/uploads\/2022\/11\/ikp_Wamprechtsamer-Steinlechner-Fischer_Presse_-scaled-1.jpg","width":1920,"height":1280,"caption":"Philip Wamprechtsamer, Anna Steinlechner, Benjamin Fischer"},{"@type":"BreadcrumbList","@id":"https:\/\/ikp.at\/de\/blog\/ikp-news\/ikp-wien-waechst-drei-neue-teammitglieder-in-der-museumstrasse\/#breadcrumb","itemListElement":[{"@type":"ListItem","position":1,"name":"Startseite","item":"https:\/\/ikp.at\/de\/"},{"@type":"ListItem","position":2,"name":"ikp Wien w\u00e4chst: Drei neue Teammitglieder in der Museumstra\u00dfe"}]},{"@type":"WebSite","@id":"https:\/\/ikp.at\/de\/#website","url":"https:\/\/ikp.at\/de\/","name":"ikp | PR Agentur \u00d6sterreich: Wien Salzburg Vorarlberg Graz","description":"","publisher":{"@id":"https:\/\/ikp.at\/de\/#organization"},"potentialAction":[{"@type":"SearchAction","target":{"@type":"EntryPoint","urlTemplate":"https:\/\/ikp.at\/de\/?s={search_term_string}"},"query-input":{"@type":"PropertyValueSpecification","valueRequired":true,"valueName":"search_term_string"}}],"inLanguage":"de"},{"@type":"Organization","@id":"https:\/\/ikp.at\/de\/#organization","name":"ikp | PR Agentur \u00d6sterreich: Wien Salzburg Vorarlberg Graz","url":"https:\/\/ikp.at\/de\/","logo":{"@type":"ImageObject","inLanguage":"de","@id":"https:\/\/ikp.at\/de\/#\/schema\/logo\/image\/","url":"https:\/\/ikp.at\/wp-content\/uploads\/2023\/03\/ikp-logo-yoast.jpg","contentUrl":"https:\/\/ikp.at\/wp-content\/uploads\/2023\/03\/ikp-logo-yoast.jpg","width":696,"height":696,"caption":"ikp | PR Agentur \u00d6sterreich: Wien Salzburg Vorarlberg Graz"},"image":{"@id":"https:\/\/ikp.at\/de\/#\/schema\/logo\/image\/"},"sameAs":["https:\/\/www.facebook.com\/ikp.PR","https:\/\/www.linkedin.com\/company\/ikp\/","https:\/\/www.instagram.com\/ikp_pr\/","https:\/\/www.tiktok.com\/@ikp.pr","https:\/\/www.youtube.com\/@ikpPRundLobbying"]},{"@type":"Person","@id":"https:\/\/ikp.at\/de\/#\/schema\/person\/8b56a52cf43ca5dc5bda3cbed12622b2","name":"ikp"}]}},"_links":{"self":[{"href":"https:\/\/ikp.at\/de\/wp-json\/wp\/v2\/posts\/13412","targetHints":{"allow":["GET"]}}],"collection":[{"href":"https:\/\/ikp.at\/de\/wp-json\/wp\/v2\/posts"}],"about":[{"href":"https:\/\/ikp.at\/de\/wp-json\/wp\/v2\/types\/post"}],"author":[{"embeddable":true,"href":"https:\/\/ikp.at\/de\/wp-json\/wp\/v2\/users\/7"}],"replies":[{"embeddable":true,"href":"https:\/\/ikp.at\/de\/wp-json\/wp\/v2\/comments?post=13412"}],"version-history":[{"count":1,"href":"https:\/\/ikp.at\/de\/wp-json\/wp\/v2\/posts\/13412\/revisions"}],"predecessor-version":[{"id":15757,"href":"https:\/\/ikp.at\/de\/wp-json\/wp\/v2\/posts\/13412\/revisions\/15757"}],"wp:featuredmedia":[{"embeddable":true,"href":"https:\/\/ikp.at\/de\/wp-json\/wp\/v2\/media\/13413"}],"wp:attachment":[{"href":"https:\/\/ikp.at\/de\/wp-json\/wp\/v2\/media?parent=13412"}],"wp:term":[{"taxonomy":"category","embeddable":true,"href":"https:\/\/ikp.at\/de\/wp-json\/wp\/v2\/categories?post=13412"},{"taxonomy":"post_tag","embeddable":true,"href":"https:\/\/ikp.at\/de\/wp-json\/wp\/v2\/tags?post=13412"}],"curies":[{"name":"wp","href":"https:\/\/api.w.org\/{rel}","templated":true}]}}