{"id":13482,"date":"2022-12-12T10:39:12","date_gmt":"2022-12-12T10:39:12","guid":{"rendered":"https:\/\/www.ikp.at\/?p=13482"},"modified":"2023-07-18T09:41:17","modified_gmt":"2023-07-18T09:41:17","slug":"ikp-lud-wieder-zum-traditionellen-christbaumschneiden","status":"publish","type":"post","link":"https:\/\/ikp.at\/de\/blog\/ikp-news\/ikp-lud-wieder-zum-traditionellen-christbaumschneiden\/","title":{"rendered":"ikp lud wieder zum traditionellen Christbaumschneiden"},"content":{"rendered":"<p><strong>Nach zwei Jahren Pause lud ikp Vorarlberg wieder zu ihrem traditionellen Christbaumschneiden nach Watzenegg. Am dritten Adventsonntag trafen sich Kund*innen und Partner*innen zu einem gem\u00fctlichen Beisammensein bei festlicher Musik, Speis und Trank und einem Kinderprogramm mit Lebkuchenwerkstatt. In diesem Rahmen wurde auch f\u00fcr das Netz f\u00fcr Kinder gesammelt. <\/strong><\/p>\n<p>&nbsp;<\/p>\n<p>Das ikp-Christbaumschneiden ist f\u00fcr Kund*innen, Partner*innen und Freund*innen ein Fixpunkt im Jahr. Traditionell wird am dritten Adventsonntag zum Christbaumhof Kaufmann in Watzenegg geladen. Hier konnten die G\u00e4ste sich einen Christbaum aussuchen und \u2013 wenn sie wollten \u2013 diesen sogar selbst f\u00e4llen. Der Christbaum ist ein kleines Dankesch\u00f6n f\u00fcr eine erfolgreiche Zusammenarbeit im vergangenen Jahr. Rund 400 G\u00e4ste fanden sich ein, darunter auch Susanne Hagen (Physio Austria), Andreas Ganahl (R\u00f6fix AG), Stefanie Salzmann (Salzmann Formblechtechnik), Gerhard St\u00fcbe (Festspielhaus Bregenz), Martin Fenkart (Katholische Kirche Vorarlberg), Julia Schw\u00e4rzler (Doppelmayr Seilbahnen), Josef Helbok (Helbok GmbH) oder Christian Kusche (Collegium Bernardi).<\/p>\n<p>&nbsp;<\/p>\n<p><strong>Spende f\u00fcr Guten Zweck<\/strong><\/p>\n<p>\u201eEs freut mich, dass so viele unserer Einladung gefolgt und heute wieder dabei sind. Die vergangenen zwei Jahre konnten wir unseren Kund*innen und Partner*innen nur einen Gutschein f\u00fcr ihren Christbaum schicken \u2013 das gemeinsame Event hat uns wirklich gefehlt. Dieses Jahr k\u00f6nnen wir uns endlich wieder abseits von B\u00fcros und Meetingr\u00e4umen ganz ungezwungen in diesem festlichen Rahmen treffen\u201c, so Martin Dechant, Gesch\u00e4ftsf\u00fchrer von ikp Vorarlberg. F\u00fcr leuchtende Kinderaugen sorgte neben dem Christbaumschneiden eine Lebkuchenwerkstatt, in der die kleinen G\u00e4ste sich im Dekorieren ihres eigenen Weihnachtslebkuchens versuchen konnten. ikp nutzte das Treffen aber auch, um an diejenigen zu denken, denen es nicht so gut geht: Gemeinsam mit Netz f\u00fcr Kinder sammelte ikp Vorarlberg Spenden f\u00fcr Kinder in besonderen Situationen im Land.<\/p>\n<div id='gallery-1' class='gallery galleryid-13482 gallery-columns-4 gallery-size-thumbnail'><figure class='gallery-item'>\n\t\t\t<div class='gallery-icon landscape'>\n\t\t\t\t<a href='https:\/\/ikp.at\/de\/blog\/ikp-news\/ikp-lud-wieder-zum-traditionellen-christbaumschneiden\/attachment\/ikp-christbaumschneiden-2022_fs22-51\/'><img loading=\"lazy\" decoding=\"async\" width=\"300\" height=\"300\" src=\"https:\/\/ikp.at\/wp-content\/uploads\/2022\/12\/ikp-christbaumschneiden-2022_fs22-51-scaled-1-300x300.jpg\" class=\"attachment-thumbnail size-thumbnail\" alt=\"\" \/><\/a>\n\t\t\t<\/div><\/figure><figure class='gallery-item'>\n\t\t\t<div class='gallery-icon landscape'>\n\t\t\t\t<a href='https:\/\/ikp.at\/de\/blog\/ikp-news\/ikp-lud-wieder-zum-traditionellen-christbaumschneiden\/attachment\/ikp-christbaumschneiden-2022_fs22-48\/'><img loading=\"lazy\" decoding=\"async\" width=\"300\" height=\"300\" src=\"https:\/\/ikp.at\/wp-content\/uploads\/2022\/12\/ikp-christbaumschneiden-2022_fs22-48-scaled-1-300x300.jpg\" class=\"attachment-thumbnail size-thumbnail\" alt=\"\" \/><\/a>\n\t\t\t<\/div><\/figure><figure class='gallery-item'>\n\t\t\t<div class='gallery-icon landscape'>\n\t\t\t\t<a href='https:\/\/ikp.at\/de\/blog\/ikp-news\/ikp-lud-wieder-zum-traditionellen-christbaumschneiden\/attachment\/ikp-christbaumschneiden-2022_fs22-41\/'><img loading=\"lazy\" decoding=\"async\" width=\"300\" height=\"300\" src=\"https:\/\/ikp.at\/wp-content\/uploads\/2022\/12\/ikp-christbaumschneiden-2022_fs22-41-scaled-1-300x300.jpg\" class=\"attachment-thumbnail size-thumbnail\" alt=\"\" \/><\/a>\n\t\t\t<\/div><\/figure><figure class='gallery-item'>\n\t\t\t<div class='gallery-icon landscape'>\n\t\t\t\t<a href='https:\/\/ikp.at\/de\/blog\/ikp-news\/ikp-lud-wieder-zum-traditionellen-christbaumschneiden\/attachment\/ikp-christbaumschneiden-2022_fs22-17\/'><img loading=\"lazy\" decoding=\"async\" width=\"300\" height=\"300\" src=\"https:\/\/ikp.at\/wp-content\/uploads\/2022\/12\/ikp-christbaumschneiden-2022_fs22-17-scaled-1-300x300.jpg\" class=\"attachment-thumbnail size-thumbnail\" alt=\"\" \/><\/a>\n\t\t\t<\/div><\/figure><figure class='gallery-item'>\n\t\t\t<div class='gallery-icon landscape'>\n\t\t\t\t<a href='https:\/\/ikp.at\/de\/blog\/ikp-news\/ikp-lud-wieder-zum-traditionellen-christbaumschneiden\/attachment\/ikp-christbaumschneiden-2022_fs22-67\/'><img loading=\"lazy\" decoding=\"async\" width=\"300\" height=\"300\" src=\"https:\/\/ikp.at\/wp-content\/uploads\/2022\/12\/ikp-christbaumschneiden-2022_fs22-67-scaled-1-300x300.jpg\" class=\"attachment-thumbnail size-thumbnail\" alt=\"\" \/><\/a>\n\t\t\t<\/div><\/figure><figure class='gallery-item'>\n\t\t\t<div class='gallery-icon landscape'>\n\t\t\t\t<a href='https:\/\/ikp.at\/de\/blog\/ikp-news\/ikp-lud-wieder-zum-traditionellen-christbaumschneiden\/attachment\/ikp-christbaumschneiden-2022_fs22-64\/'><img loading=\"lazy\" decoding=\"async\" width=\"300\" height=\"300\" src=\"https:\/\/ikp.at\/wp-content\/uploads\/2022\/12\/ikp-christbaumschneiden-2022_fs22-64-scaled-1-300x300.jpg\" class=\"attachment-thumbnail size-thumbnail\" alt=\"\" \/><\/a>\n\t\t\t<\/div><\/figure><figure class='gallery-item'>\n\t\t\t<div class='gallery-icon landscape'>\n\t\t\t\t<a href='https:\/\/ikp.at\/de\/blog\/ikp-news\/ikp-lud-wieder-zum-traditionellen-christbaumschneiden\/attachment\/ikp-christbaumschneiden-2022_fs22-19\/'><img loading=\"lazy\" decoding=\"async\" width=\"300\" height=\"300\" src=\"https:\/\/ikp.at\/wp-content\/uploads\/2022\/12\/ikp-christbaumschneiden-2022_fs22-19-scaled-1-300x300.jpg\" class=\"attachment-thumbnail size-thumbnail\" alt=\"\" \/><\/a>\n\t\t\t<\/div><\/figure><figure class='gallery-item'>\n\t\t\t<div class='gallery-icon landscape'>\n\t\t\t\t<a href='https:\/\/ikp.at\/de\/blog\/ikp-news\/ikp-lud-wieder-zum-traditionellen-christbaumschneiden\/attachment\/ikp-christbaumschneiden-2022_fs22-22\/'><img loading=\"lazy\" decoding=\"async\" width=\"300\" height=\"300\" src=\"https:\/\/ikp.at\/wp-content\/uploads\/2022\/12\/ikp-christbaumschneiden-2022_fs22-22-scaled-1-300x300.jpg\" class=\"attachment-thumbnail size-thumbnail\" alt=\"\" \/><\/a>\n\t\t\t<\/div><\/figure><figure class='gallery-item'>\n\t\t\t<div class='gallery-icon landscape'>\n\t\t\t\t<a href='https:\/\/ikp.at\/de\/blog\/ikp-news\/ikp-lud-wieder-zum-traditionellen-christbaumschneiden\/attachment\/ikp-christbaumschneiden-2022_fs22-31\/'><img loading=\"lazy\" decoding=\"async\" width=\"300\" height=\"300\" src=\"https:\/\/ikp.at\/wp-content\/uploads\/2022\/12\/ikp-christbaumschneiden-2022_fs22-31-scaled-1-300x300.jpg\" class=\"attachment-thumbnail size-thumbnail\" alt=\"\" \/><\/a>\n\t\t\t<\/div><\/figure><figure class='gallery-item'>\n\t\t\t<div class='gallery-icon landscape'>\n\t\t\t\t<a href='https:\/\/ikp.at\/de\/blog\/ikp-news\/ikp-lud-wieder-zum-traditionellen-christbaumschneiden\/attachment\/ikp-christbaumschneiden-2022_fs22-39\/'><img loading=\"lazy\" decoding=\"async\" width=\"300\" height=\"300\" src=\"https:\/\/ikp.at\/wp-content\/uploads\/2022\/12\/ikp-christbaumschneiden-2022_fs22-39-scaled-1-300x300.jpg\" class=\"attachment-thumbnail size-thumbnail\" alt=\"\" \/><\/a>\n\t\t\t<\/div><\/figure><figure class='gallery-item'>\n\t\t\t<div class='gallery-icon landscape'>\n\t\t\t\t<a href='https:\/\/ikp.at\/de\/blog\/ikp-news\/ikp-lud-wieder-zum-traditionellen-christbaumschneiden\/attachment\/ikp-christbaumschneiden-2022_fs22-42\/'><img loading=\"lazy\" decoding=\"async\" width=\"300\" height=\"300\" src=\"https:\/\/ikp.at\/wp-content\/uploads\/2022\/12\/ikp-christbaumschneiden-2022_fs22-42-scaled-1-300x300.jpg\" class=\"attachment-thumbnail size-thumbnail\" alt=\"\" \/><\/a>\n\t\t\t<\/div><\/figure><figure class='gallery-item'>\n\t\t\t<div class='gallery-icon landscape'>\n\t\t\t\t<a href='https:\/\/ikp.at\/de\/blog\/ikp-news\/ikp-lud-wieder-zum-traditionellen-christbaumschneiden\/attachment\/ikp-christbaumschneiden-2022_fs22-53\/'><img loading=\"lazy\" decoding=\"async\" width=\"300\" height=\"300\" src=\"https:\/\/ikp.at\/wp-content\/uploads\/2022\/12\/ikp-christbaumschneiden-2022_fs22-53-scaled-1-300x300.jpg\" class=\"attachment-thumbnail size-thumbnail\" alt=\"\" \/><\/a>\n\t\t\t<\/div><\/figure><figure class='gallery-item'>\n\t\t\t<div class='gallery-icon landscape'>\n\t\t\t\t<a href='https:\/\/ikp.at\/de\/blog\/ikp-news\/ikp-lud-wieder-zum-traditionellen-christbaumschneiden\/attachment\/ikp-christbaumschneiden-2022_fs22-15\/'><img loading=\"lazy\" decoding=\"async\" width=\"300\" height=\"300\" src=\"https:\/\/ikp.at\/wp-content\/uploads\/2022\/12\/ikp-christbaumschneiden-2022_fs22-15-scaled-1-300x300.jpg\" class=\"attachment-thumbnail size-thumbnail\" alt=\"\" \/><\/a>\n\t\t\t<\/div><\/figure><figure class='gallery-item'>\n\t\t\t<div class='gallery-icon landscape'>\n\t\t\t\t<a href='https:\/\/ikp.at\/de\/blog\/ikp-news\/ikp-lud-wieder-zum-traditionellen-christbaumschneiden\/attachment\/ikp-christbaumschneiden-2022_fs22-13\/'><img loading=\"lazy\" decoding=\"async\" width=\"300\" height=\"300\" src=\"https:\/\/ikp.at\/wp-content\/uploads\/2022\/12\/ikp-christbaumschneiden-2022_fs22-13-scaled-1-300x300.jpg\" class=\"attachment-thumbnail size-thumbnail\" alt=\"\" \/><\/a>\n\t\t\t<\/div><\/figure><figure class='gallery-item'>\n\t\t\t<div class='gallery-icon landscape'>\n\t\t\t\t<a href='https:\/\/ikp.at\/de\/blog\/ikp-news\/ikp-lud-wieder-zum-traditionellen-christbaumschneiden\/attachment\/ikp-christbaumschneiden-2022_fs22-1\/'><img loading=\"lazy\" decoding=\"async\" width=\"300\" height=\"300\" src=\"https:\/\/ikp.at\/wp-content\/uploads\/2022\/12\/ikp-christbaumschneiden-2022_fs22-1-scaled-1-300x300.jpg\" class=\"attachment-thumbnail size-thumbnail\" alt=\"\" \/><\/a>\n\t\t\t<\/div><\/figure><figure class='gallery-item'>\n\t\t\t<div class='gallery-icon landscape'>\n\t\t\t\t<a href='https:\/\/ikp.at\/de\/blog\/ikp-news\/ikp-lud-wieder-zum-traditionellen-christbaumschneiden\/attachment\/ikp-christbaumschneiden-2022_fs22-16\/'><img loading=\"lazy\" decoding=\"async\" width=\"300\" height=\"300\" src=\"https:\/\/ikp.at\/wp-content\/uploads\/2022\/12\/ikp-christbaumschneiden-2022_fs22-16-scaled-1-300x300.jpg\" class=\"attachment-thumbnail size-thumbnail\" alt=\"Isabella Baur &amp; Marion Hepberger\" aria-describedby=\"gallery-1-13502\" \/><\/a>\n\t\t\t<\/div>\n\t\t\t\t<figcaption class='wp-caption-text gallery-caption' id='gallery-1-13502'>\n\t\t\t\tIsabella Baur &#038; Marion Hepberger\n\t\t\t\t<\/figcaption><\/figure><figure class='gallery-item'>\n\t\t\t<div class='gallery-icon landscape'>\n\t\t\t\t<a href='https:\/\/ikp.at\/de\/blog\/ikp-news\/ikp-lud-wieder-zum-traditionellen-christbaumschneiden\/attachment\/ikp-christbaumschneiden-2022_fs22-47\/'><img loading=\"lazy\" decoding=\"async\" width=\"300\" height=\"300\" src=\"https:\/\/ikp.at\/wp-content\/uploads\/2022\/12\/ikp-christbaumschneiden-2022_fs22-47-scaled-1-300x300.jpg\" class=\"attachment-thumbnail size-thumbnail\" alt=\"\" \/><\/a>\n\t\t\t<\/div><\/figure><figure class='gallery-item'>\n\t\t\t<div class='gallery-icon landscape'>\n\t\t\t\t<a href='https:\/\/ikp.at\/de\/blog\/ikp-news\/ikp-lud-wieder-zum-traditionellen-christbaumschneiden\/attachment\/ikp-christbaumschneiden-2022_fs22-58\/'><img loading=\"lazy\" decoding=\"async\" width=\"300\" height=\"300\" src=\"https:\/\/ikp.at\/wp-content\/uploads\/2022\/12\/ikp-christbaumschneiden-2022_fs22-58-scaled-1-300x300.jpg\" class=\"attachment-thumbnail size-thumbnail\" alt=\"\" \/><\/a>\n\t\t\t<\/div><\/figure>\n\t\t<\/div>\n\n","protected":false},"excerpt":{"rendered":"<p>Nach zwei Jahren Pause lud ikp Vorarlberg wieder zum traditionellen Christbaumschneiden nach Watzenegg.<\/p>\n","protected":false},"author":4,"featured_media":13483,"comment_status":"closed","ping_status":"closed","sticky":false,"template":"","format":"standard","meta":{"_acf_changed":false,"footnotes":""},"categories":[1105],"tags":[65,1062,1063,1043,835,70,411,73,77,78,826,565],"class_list":["post-13482","post","type-post","status-publish","format-standard","has-post-thumbnail","hentry","category-ikp-news","tag-agentur","tag-christbaum","tag-christbaumschneiden","tag-dornbirn","tag-event","tag-ikp","tag-ikp-vorarlberg","tag-kommunikationsagentur","tag-pr-agency","tag-pr-agentur","tag-veranstaltung","tag-weihnachten"],"acf":[],"yoast_head":"<!-- This site is optimized with the Yoast SEO plugin v27.2 - https:\/\/yoast.com\/product\/yoast-seo-wordpress\/ -->\n<title>ikp lud wieder zum traditionellen Christbaumschneiden - ikp | PR Agentur \u00d6sterreich: Wien Salzburg Vorarlberg Graz<\/title>\n<meta name=\"description\" content=\"Nach zwei Jahren Pause lud die Dornbirner Kommunikations-Agentur ikp Vorarlberg wieder zu ihrem traditionellen Christbaumschneiden nach Watzenegg.\" \/>\n<meta name=\"robots\" content=\"index, follow, max-snippet:-1, max-image-preview:large, max-video-preview:-1\" \/>\n<link rel=\"canonical\" href=\"https:\/\/ikp.at\/de\/blog\/ikp-news\/ikp-lud-wieder-zum-traditionellen-christbaumschneiden\/\" \/>\n<meta property=\"og:locale\" content=\"de_DE\" \/>\n<meta property=\"og:type\" content=\"article\" \/>\n<meta property=\"og:title\" content=\"ikp lud wieder zum traditionellen Christbaumschneiden - ikp | PR Agentur \u00d6sterreich: Wien Salzburg Vorarlberg Graz\" \/>\n<meta property=\"og:description\" content=\"Nach zwei Jahren Pause lud die Dornbirner Kommunikations-Agentur ikp Vorarlberg wieder zu ihrem traditionellen Christbaumschneiden nach Watzenegg.\" \/>\n<meta property=\"og:url\" content=\"https:\/\/ikp.at\/de\/blog\/ikp-news\/ikp-lud-wieder-zum-traditionellen-christbaumschneiden\/\" \/>\n<meta property=\"og:site_name\" content=\"ikp | PR Agentur \u00d6sterreich: Wien Salzburg Vorarlberg Graz\" \/>\n<meta property=\"article:publisher\" content=\"https:\/\/www.facebook.com\/ikp.PR\" \/>\n<meta property=\"article:published_time\" content=\"2022-12-12T10:39:12+00:00\" \/>\n<meta property=\"article:modified_time\" content=\"2023-07-18T09:41:17+00:00\" \/>\n<meta property=\"og:image\" content=\"https:\/\/ikp.at\/wp-content\/uploads\/2022\/12\/ikp-christbaumschneiden-2022_fs22-76-scaled-1.jpg\" \/>\n\t<meta property=\"og:image:width\" content=\"2560\" \/>\n\t<meta property=\"og:image:height\" content=\"1708\" \/>\n\t<meta property=\"og:image:type\" content=\"image\/jpeg\" \/>\n<meta name=\"author\" content=\"Elisabeth Amann\" \/>\n<meta name=\"twitter:card\" content=\"summary_large_image\" \/>\n<meta name=\"twitter:label1\" content=\"Verfasst von\" \/>\n\t<meta name=\"twitter:data1\" content=\"Elisabeth Amann\" \/>\n\t<meta name=\"twitter:label2\" content=\"Gesch\u00e4tzte Lesezeit\" \/>\n\t<meta name=\"twitter:data2\" content=\"2\u00a0Minuten\" \/>\n<script type=\"application\/ld+json\" class=\"yoast-schema-graph\">{\"@context\":\"https:\/\/schema.org\",\"@graph\":[{\"@type\":\"Article\",\"@id\":\"https:\/\/ikp.at\/de\/blog\/ikp-news\/ikp-lud-wieder-zum-traditionellen-christbaumschneiden\/#article\",\"isPartOf\":{\"@id\":\"https:\/\/ikp.at\/de\/blog\/ikp-news\/ikp-lud-wieder-zum-traditionellen-christbaumschneiden\/\"},\"author\":{\"name\":\"Elisabeth Amann\",\"@id\":\"https:\/\/ikp.at\/de\/#\/schema\/person\/0957b52f4cba2264eedf4b8d9638ac87\"},\"headline\":\"ikp lud wieder zum traditionellen Christbaumschneiden\",\"datePublished\":\"2022-12-12T10:39:12+00:00\",\"dateModified\":\"2023-07-18T09:41:17+00:00\",\"mainEntityOfPage\":{\"@id\":\"https:\/\/ikp.at\/de\/blog\/ikp-news\/ikp-lud-wieder-zum-traditionellen-christbaumschneiden\/\"},\"wordCount\":305,\"publisher\":{\"@id\":\"https:\/\/ikp.at\/de\/#organization\"},\"image\":{\"@id\":\"https:\/\/ikp.at\/de\/blog\/ikp-news\/ikp-lud-wieder-zum-traditionellen-christbaumschneiden\/#primaryimage\"},\"thumbnailUrl\":\"https:\/\/ikp.at\/wp-content\/uploads\/2022\/12\/ikp-christbaumschneiden-2022_fs22-76-scaled-1.jpg\",\"keywords\":[\"Agentur\",\"Christbaum\",\"Christbaumschneiden\",\"Dornbirn\",\"Event\",\"ikp\",\"ikp Vorarlberg\",\"Kommunikationsagentur\",\"PR-Agency\",\"PR-Agentur\",\"Veranstaltung\",\"Weihnachten\"],\"articleSection\":[\"ikp News\"],\"inLanguage\":\"de\"},{\"@type\":\"WebPage\",\"@id\":\"https:\/\/ikp.at\/de\/blog\/ikp-news\/ikp-lud-wieder-zum-traditionellen-christbaumschneiden\/\",\"url\":\"https:\/\/ikp.at\/de\/blog\/ikp-news\/ikp-lud-wieder-zum-traditionellen-christbaumschneiden\/\",\"name\":\"ikp lud wieder zum traditionellen Christbaumschneiden - ikp | PR Agentur \u00d6sterreich: Wien Salzburg Vorarlberg Graz\",\"isPartOf\":{\"@id\":\"https:\/\/ikp.at\/de\/#website\"},\"primaryImageOfPage\":{\"@id\":\"https:\/\/ikp.at\/de\/blog\/ikp-news\/ikp-lud-wieder-zum-traditionellen-christbaumschneiden\/#primaryimage\"},\"image\":{\"@id\":\"https:\/\/ikp.at\/de\/blog\/ikp-news\/ikp-lud-wieder-zum-traditionellen-christbaumschneiden\/#primaryimage\"},\"thumbnailUrl\":\"https:\/\/ikp.at\/wp-content\/uploads\/2022\/12\/ikp-christbaumschneiden-2022_fs22-76-scaled-1.jpg\",\"datePublished\":\"2022-12-12T10:39:12+00:00\",\"dateModified\":\"2023-07-18T09:41:17+00:00\",\"description\":\"Nach zwei Jahren Pause lud die Dornbirner Kommunikations-Agentur ikp Vorarlberg wieder zu ihrem traditionellen Christbaumschneiden nach Watzenegg.\",\"breadcrumb\":{\"@id\":\"https:\/\/ikp.at\/de\/blog\/ikp-news\/ikp-lud-wieder-zum-traditionellen-christbaumschneiden\/#breadcrumb\"},\"inLanguage\":\"de\",\"potentialAction\":[{\"@type\":\"ReadAction\",\"target\":[\"https:\/\/ikp.at\/de\/blog\/ikp-news\/ikp-lud-wieder-zum-traditionellen-christbaumschneiden\/\"]}]},{\"@type\":\"ImageObject\",\"inLanguage\":\"de\",\"@id\":\"https:\/\/ikp.at\/de\/blog\/ikp-news\/ikp-lud-wieder-zum-traditionellen-christbaumschneiden\/#primaryimage\",\"url\":\"https:\/\/ikp.at\/wp-content\/uploads\/2022\/12\/ikp-christbaumschneiden-2022_fs22-76-scaled-1.jpg\",\"contentUrl\":\"https:\/\/ikp.at\/wp-content\/uploads\/2022\/12\/ikp-christbaumschneiden-2022_fs22-76-scaled-1.jpg\",\"width\":2560,\"height\":1708,\"caption\":\"ikp Vorarlberg begr\u00fc\u00dfte zahlreiche G\u00e4ste beim traditionellen ikp-Christbaumschneiden\"},{\"@type\":\"BreadcrumbList\",\"@id\":\"https:\/\/ikp.at\/de\/blog\/ikp-news\/ikp-lud-wieder-zum-traditionellen-christbaumschneiden\/#breadcrumb\",\"itemListElement\":[{\"@type\":\"ListItem\",\"position\":1,\"name\":\"Startseite\",\"item\":\"https:\/\/ikp.at\/de\/\"},{\"@type\":\"ListItem\",\"position\":2,\"name\":\"ikp lud wieder zum traditionellen Christbaumschneiden\"}]},{\"@type\":\"WebSite\",\"@id\":\"https:\/\/ikp.at\/de\/#website\",\"url\":\"https:\/\/ikp.at\/de\/\",\"name\":\"ikp | PR Agentur \u00d6sterreich: Wien Salzburg Vorarlberg Graz\",\"description\":\"\",\"publisher\":{\"@id\":\"https:\/\/ikp.at\/de\/#organization\"},\"potentialAction\":[{\"@type\":\"SearchAction\",\"target\":{\"@type\":\"EntryPoint\",\"urlTemplate\":\"https:\/\/ikp.at\/de\/?s={search_term_string}\"},\"query-input\":{\"@type\":\"PropertyValueSpecification\",\"valueRequired\":true,\"valueName\":\"search_term_string\"}}],\"inLanguage\":\"de\"},{\"@type\":\"Organization\",\"@id\":\"https:\/\/ikp.at\/de\/#organization\",\"name\":\"ikp | PR Agentur \u00d6sterreich: Wien Salzburg Vorarlberg Graz\",\"url\":\"https:\/\/ikp.at\/de\/\",\"logo\":{\"@type\":\"ImageObject\",\"inLanguage\":\"de\",\"@id\":\"https:\/\/ikp.at\/de\/#\/schema\/logo\/image\/\",\"url\":\"https:\/\/ikp.at\/wp-content\/uploads\/2023\/03\/ikp-logo-yoast.jpg\",\"contentUrl\":\"https:\/\/ikp.at\/wp-content\/uploads\/2023\/03\/ikp-logo-yoast.jpg\",\"width\":696,\"height\":696,\"caption\":\"ikp | PR Agentur \u00d6sterreich: Wien Salzburg Vorarlberg Graz\"},\"image\":{\"@id\":\"https:\/\/ikp.at\/de\/#\/schema\/logo\/image\/\"},\"sameAs\":[\"https:\/\/www.facebook.com\/ikp.PR\",\"https:\/\/www.linkedin.com\/company\/ikp\/\",\"https:\/\/www.instagram.com\/ikp_pr\/\",\"https:\/\/www.tiktok.com\/@ikp.pr\",\"https:\/\/www.youtube.com\/@ikpPRundLobbying\"]},{\"@type\":\"Person\",\"@id\":\"https:\/\/ikp.at\/de\/#\/schema\/person\/0957b52f4cba2264eedf4b8d9638ac87\",\"name\":\"Elisabeth Amann\"}]}<\/script>\n<!-- \/ Yoast SEO plugin. -->","yoast_head_json":{"title":"ikp lud wieder zum traditionellen Christbaumschneiden - ikp | PR Agentur \u00d6sterreich: Wien Salzburg Vorarlberg Graz","description":"Nach zwei Jahren Pause lud die Dornbirner Kommunikations-Agentur ikp Vorarlberg wieder zu ihrem traditionellen Christbaumschneiden nach Watzenegg.","robots":{"index":"index","follow":"follow","max-snippet":"max-snippet:-1","max-image-preview":"max-image-preview:large","max-video-preview":"max-video-preview:-1"},"canonical":"https:\/\/ikp.at\/de\/blog\/ikp-news\/ikp-lud-wieder-zum-traditionellen-christbaumschneiden\/","og_locale":"de_DE","og_type":"article","og_title":"ikp lud wieder zum traditionellen Christbaumschneiden - ikp | PR Agentur \u00d6sterreich: Wien Salzburg Vorarlberg Graz","og_description":"Nach zwei Jahren Pause lud die Dornbirner Kommunikations-Agentur ikp Vorarlberg wieder zu ihrem traditionellen Christbaumschneiden nach Watzenegg.","og_url":"https:\/\/ikp.at\/de\/blog\/ikp-news\/ikp-lud-wieder-zum-traditionellen-christbaumschneiden\/","og_site_name":"ikp | PR Agentur \u00d6sterreich: Wien Salzburg Vorarlberg Graz","article_publisher":"https:\/\/www.facebook.com\/ikp.PR","article_published_time":"2022-12-12T10:39:12+00:00","article_modified_time":"2023-07-18T09:41:17+00:00","og_image":[{"width":2560,"height":1708,"url":"https:\/\/ikp.at\/wp-content\/uploads\/2022\/12\/ikp-christbaumschneiden-2022_fs22-76-scaled-1.jpg","type":"image\/jpeg"}],"author":"Elisabeth Amann","twitter_card":"summary_large_image","twitter_misc":{"Verfasst von":"Elisabeth Amann","Gesch\u00e4tzte Lesezeit":"2\u00a0Minuten"},"schema":{"@context":"https:\/\/schema.org","@graph":[{"@type":"Article","@id":"https:\/\/ikp.at\/de\/blog\/ikp-news\/ikp-lud-wieder-zum-traditionellen-christbaumschneiden\/#article","isPartOf":{"@id":"https:\/\/ikp.at\/de\/blog\/ikp-news\/ikp-lud-wieder-zum-traditionellen-christbaumschneiden\/"},"author":{"name":"Elisabeth Amann","@id":"https:\/\/ikp.at\/de\/#\/schema\/person\/0957b52f4cba2264eedf4b8d9638ac87"},"headline":"ikp lud wieder zum traditionellen Christbaumschneiden","datePublished":"2022-12-12T10:39:12+00:00","dateModified":"2023-07-18T09:41:17+00:00","mainEntityOfPage":{"@id":"https:\/\/ikp.at\/de\/blog\/ikp-news\/ikp-lud-wieder-zum-traditionellen-christbaumschneiden\/"},"wordCount":305,"publisher":{"@id":"https:\/\/ikp.at\/de\/#organization"},"image":{"@id":"https:\/\/ikp.at\/de\/blog\/ikp-news\/ikp-lud-wieder-zum-traditionellen-christbaumschneiden\/#primaryimage"},"thumbnailUrl":"https:\/\/ikp.at\/wp-content\/uploads\/2022\/12\/ikp-christbaumschneiden-2022_fs22-76-scaled-1.jpg","keywords":["Agentur","Christbaum","Christbaumschneiden","Dornbirn","Event","ikp","ikp Vorarlberg","Kommunikationsagentur","PR-Agency","PR-Agentur","Veranstaltung","Weihnachten"],"articleSection":["ikp News"],"inLanguage":"de"},{"@type":"WebPage","@id":"https:\/\/ikp.at\/de\/blog\/ikp-news\/ikp-lud-wieder-zum-traditionellen-christbaumschneiden\/","url":"https:\/\/ikp.at\/de\/blog\/ikp-news\/ikp-lud-wieder-zum-traditionellen-christbaumschneiden\/","name":"ikp lud wieder zum traditionellen Christbaumschneiden - ikp | PR Agentur \u00d6sterreich: Wien Salzburg Vorarlberg Graz","isPartOf":{"@id":"https:\/\/ikp.at\/de\/#website"},"primaryImageOfPage":{"@id":"https:\/\/ikp.at\/de\/blog\/ikp-news\/ikp-lud-wieder-zum-traditionellen-christbaumschneiden\/#primaryimage"},"image":{"@id":"https:\/\/ikp.at\/de\/blog\/ikp-news\/ikp-lud-wieder-zum-traditionellen-christbaumschneiden\/#primaryimage"},"thumbnailUrl":"https:\/\/ikp.at\/wp-content\/uploads\/2022\/12\/ikp-christbaumschneiden-2022_fs22-76-scaled-1.jpg","datePublished":"2022-12-12T10:39:12+00:00","dateModified":"2023-07-18T09:41:17+00:00","description":"Nach zwei Jahren Pause lud die Dornbirner Kommunikations-Agentur ikp Vorarlberg wieder zu ihrem traditionellen Christbaumschneiden nach Watzenegg.","breadcrumb":{"@id":"https:\/\/ikp.at\/de\/blog\/ikp-news\/ikp-lud-wieder-zum-traditionellen-christbaumschneiden\/#breadcrumb"},"inLanguage":"de","potentialAction":[{"@type":"ReadAction","target":["https:\/\/ikp.at\/de\/blog\/ikp-news\/ikp-lud-wieder-zum-traditionellen-christbaumschneiden\/"]}]},{"@type":"ImageObject","inLanguage":"de","@id":"https:\/\/ikp.at\/de\/blog\/ikp-news\/ikp-lud-wieder-zum-traditionellen-christbaumschneiden\/#primaryimage","url":"https:\/\/ikp.at\/wp-content\/uploads\/2022\/12\/ikp-christbaumschneiden-2022_fs22-76-scaled-1.jpg","contentUrl":"https:\/\/ikp.at\/wp-content\/uploads\/2022\/12\/ikp-christbaumschneiden-2022_fs22-76-scaled-1.jpg","width":2560,"height":1708,"caption":"ikp Vorarlberg begr\u00fc\u00dfte zahlreiche G\u00e4ste beim traditionellen ikp-Christbaumschneiden"},{"@type":"BreadcrumbList","@id":"https:\/\/ikp.at\/de\/blog\/ikp-news\/ikp-lud-wieder-zum-traditionellen-christbaumschneiden\/#breadcrumb","itemListElement":[{"@type":"ListItem","position":1,"name":"Startseite","item":"https:\/\/ikp.at\/de\/"},{"@type":"ListItem","position":2,"name":"ikp lud wieder zum traditionellen Christbaumschneiden"}]},{"@type":"WebSite","@id":"https:\/\/ikp.at\/de\/#website","url":"https:\/\/ikp.at\/de\/","name":"ikp | PR Agentur \u00d6sterreich: Wien Salzburg Vorarlberg Graz","description":"","publisher":{"@id":"https:\/\/ikp.at\/de\/#organization"},"potentialAction":[{"@type":"SearchAction","target":{"@type":"EntryPoint","urlTemplate":"https:\/\/ikp.at\/de\/?s={search_term_string}"},"query-input":{"@type":"PropertyValueSpecification","valueRequired":true,"valueName":"search_term_string"}}],"inLanguage":"de"},{"@type":"Organization","@id":"https:\/\/ikp.at\/de\/#organization","name":"ikp | PR Agentur \u00d6sterreich: Wien Salzburg Vorarlberg Graz","url":"https:\/\/ikp.at\/de\/","logo":{"@type":"ImageObject","inLanguage":"de","@id":"https:\/\/ikp.at\/de\/#\/schema\/logo\/image\/","url":"https:\/\/ikp.at\/wp-content\/uploads\/2023\/03\/ikp-logo-yoast.jpg","contentUrl":"https:\/\/ikp.at\/wp-content\/uploads\/2023\/03\/ikp-logo-yoast.jpg","width":696,"height":696,"caption":"ikp | PR Agentur \u00d6sterreich: Wien Salzburg Vorarlberg Graz"},"image":{"@id":"https:\/\/ikp.at\/de\/#\/schema\/logo\/image\/"},"sameAs":["https:\/\/www.facebook.com\/ikp.PR","https:\/\/www.linkedin.com\/company\/ikp\/","https:\/\/www.instagram.com\/ikp_pr\/","https:\/\/www.tiktok.com\/@ikp.pr","https:\/\/www.youtube.com\/@ikpPRundLobbying"]},{"@type":"Person","@id":"https:\/\/ikp.at\/de\/#\/schema\/person\/0957b52f4cba2264eedf4b8d9638ac87","name":"Elisabeth Amann"}]}},"_links":{"self":[{"href":"https:\/\/ikp.at\/de\/wp-json\/wp\/v2\/posts\/13482","targetHints":{"allow":["GET"]}}],"collection":[{"href":"https:\/\/ikp.at\/de\/wp-json\/wp\/v2\/posts"}],"about":[{"href":"https:\/\/ikp.at\/de\/wp-json\/wp\/v2\/types\/post"}],"author":[{"embeddable":true,"href":"https:\/\/ikp.at\/de\/wp-json\/wp\/v2\/users\/4"}],"replies":[{"embeddable":true,"href":"https:\/\/ikp.at\/de\/wp-json\/wp\/v2\/comments?post=13482"}],"version-history":[{"count":2,"href":"https:\/\/ikp.at\/de\/wp-json\/wp\/v2\/posts\/13482\/revisions"}],"predecessor-version":[{"id":17045,"href":"https:\/\/ikp.at\/de\/wp-json\/wp\/v2\/posts\/13482\/revisions\/17045"}],"wp:featuredmedia":[{"embeddable":true,"href":"https:\/\/ikp.at\/de\/wp-json\/wp\/v2\/media\/13483"}],"wp:attachment":[{"href":"https:\/\/ikp.at\/de\/wp-json\/wp\/v2\/media?parent=13482"}],"wp:term":[{"taxonomy":"category","embeddable":true,"href":"https:\/\/ikp.at\/de\/wp-json\/wp\/v2\/categories?post=13482"},{"taxonomy":"post_tag","embeddable":true,"href":"https:\/\/ikp.at\/de\/wp-json\/wp\/v2\/tags?post=13482"}],"curies":[{"name":"wp","href":"https:\/\/api.w.org\/{rel}","templated":true}]}}