{"id":19249,"date":"2025-02-05T14:32:04","date_gmt":"2025-02-05T14:32:04","guid":{"rendered":"https:\/\/ikp.at\/?p=19249"},"modified":"2025-02-11T13:16:17","modified_gmt":"2025-02-11T13:16:17","slug":"barrierefreie-kommunikation-wird-zur-pflicht","status":"publish","type":"post","link":"https:\/\/ikp.at\/de\/blog\/know-how\/barrierefreie-kommunikation-wird-zur-pflicht\/","title":{"rendered":"Barrierefreie Kommunikation wird zur Pflicht"},"content":{"rendered":"<p><strong>Aufgepasst: Im Juni 2025\u00a0 tritt der European Accessibility Act in \u00d6sterreich\u00a0 in Kraft. Ab diesem Zeitpunkt m\u00fcssen digitale Produkte und Dienstleistungen so gestaltet sein, dass sie von allen Menschen genutzt werden k\u00f6nnen \u2013 unabh\u00e4ngig von Alter, Bildungsstand und Einschr\u00e4nkungen.\u00a0 Barrierefreie Kommunikation wird damit zur Pflicht und einfache Sprache gewinnt zunehmend an Bedeutung.<\/strong><\/p>\n<p>Chancengleichheit und Gleichbehandlung sind heute wichtiger denn je: Barrierefreiheit spielt dabei eine zentrale Rolle \u2013 sei es im \u00f6ffentlichen Verkehr, in der Arbeitswelt, in der Bildung oder in einem oft untersch\u00e4tzten Bereich: der Sprache und Kommunikation. Eine verst\u00e4ndliche Ausdrucksweise und eine zug\u00e4ngliche Kommunikation sind nicht nur ein Ausdruck von Inklusion, sondern machen den Alltag f\u00fcr alle einfacher.<\/p>\n<h3>Was bedeutet barrierefreie Kommunikation?<\/h3>\n<p class=\"p1\">Doch worum geht es genau?\u00a0Barrierefreie Kommunikation sorgt daf\u00fcr, dass alle Menschen \u2013 unabh\u00e4ngig von Alter, Bildungsstand oder m\u00f6glichen Einschr\u00e4nkungen \u2013 Informationen verstehen und nutzen k\u00f6nnen.\u00a0Dabei konzentriert sie sich vor allem auf die technische Umsetzung von Websiten. Das bedeutet, dass Seiten\u00a0schnell laden,\u00a0flexibel anpassbar\u00a0sind und wichtige Funktionen wie\u00a0barrierefreie Formulare,\u00a0Eingabehilfen\u00a0und die\u00a0Bedienung per Tastatur\u00a0bieten. Profitieren werden auch Suchmaschinen und Screenreader:\u00a0Barrierefreie Inhalte werden leichter verarbeitet, wodurch Websites\u00a0besser gefunden\u00a0werden. Zudem k\u00f6nnen Texte den Nutzer*innen\u00a0laut vorgelesen\u00a0werden. Auch das\u00a0Design\u00a0spielt eine zentrale Rolle:\u00a0Gut lesbare Schriften,\u00a0kontrastreiche Farben\u00a0und eine\u00a0klare Struktur\u00a0machen es einfacher, Informationen aufzunehmen.<\/p>\n<h3>Die rechtlichen Grundlagen<\/h3>\n<p>Der European Accessibility Act verpflichtet Unternehmen, digitale Produkte und Dienstleistungen barrierefrei zu gestalten. Firmen mit mehr als 400 Mitarbeitenden m\u00fcssen daf\u00fcr eine zust\u00e4ndige Person f\u00fcr digitale Barrierefreiheit benennen. Kleinere Unternehmen, die ausschlie\u00dflich Marketing-Websites betreiben, sind von der Regelung ausgenommen. Bei Verst\u00f6\u00dfen k\u00f6nnen Strafen von bis zu 80.000 Euro verh\u00e4ngt werden.<\/p>\n<h3><strong>Das \u00f6sterreichische Barrierefreiheitsgesetz<\/strong><\/h3>\n<p class=\"p1\">Das \u00f6sterreichische Barrierefreiheitsgesetz (BaFG) setzt die europ\u00e4ische Richtlinie in nationales Recht um und fordert barrierefreie Gestaltung f\u00fcr Produkte und Dienstleistungen. Besonders betroffen sind Unternehmen, die digitale Plattformen wie Online-Shops, Buchungsportale oder Tools f\u00fcr Terminvereinbarungen betreiben. Ausgenommen sind Kleinstunternehmen mit weniger als zehn Mitarbeitenden und einem Jahresumsatz von unter Zweimillionen Euro, sofern sie keine Produkte herstellen oder handeln, die unter das Gesetz fallen.<\/p>\n<h3><strong>Barrierefreie Kommunikation in der EU und in \u00d6sterreich<\/strong><\/h3>\n<p>Aktuell sieht es so aus: In \u00d6sterreich sind \u00f6ffentliche Websiten von Bund, L\u00e4ndern und Gemeinden seit 2018 dazu verpflichtet, barrierefrei zug\u00e4nglich zu sein. Der Fortschritt verl\u00e4uft zwar langsam, zeigt sich jedoch zunehmend in der Gestaltung vieler Internetauftritte. Die EU hat sich schon in der Vergangenheit durch zahlreiche Richtlinien f\u00fcr die F\u00f6rderung der Gleichbehandlung aller Menschen eingesetzt. Dazu z\u00e4hlen unter anderem der European Accessibility Act von 2022, die Richtlinie zu Rahmenbedingungen f\u00fcr Besch\u00e4ftigung sowie die Antirassismusrichtlinie. Dar\u00fcber hinaus erweitert die Corporate Sustainability Reporting Directive (CSRD) die Anforderungen an die Nachhaltigkeitsberichterstattung von Unternehmen. Sie legt fest, dass Unternehmen \u00fcber Umwelt-, Sozial- und Governance-Aspekte berichten m\u00fcssen, einschlie\u00dflich Informationen zur Gleichbehandlung und Barrierefreiheit.<\/p>\n<h3><strong>Einfache Sprache \u2013 ein Gewinn f\u00fcr alle <\/strong><\/h3>\n<p>Einfache Sprache macht Inhalte f\u00fcr alle Menschen zug\u00e4nglich \u2013 unabh\u00e4ngig von Sprachkenntnissen oder Lesekompetenz. Sie schafft Klarheit und sorgt daf\u00fcr, dass wichtige Informationen niemanden ausschlie\u00dfen. Im Fokus stehen kurze S\u00e4tze, einfache Begriffe und der Verzicht auf Fachjargon oder verschachtelte Formulierungen \u2013 so werden selbst komplexe Themen einfach auf den Punkt gebracht. In der EU ist einfache Sprache in vielen Bereichen, wie der Beh\u00f6rdenkommunikation, bereits verpflichtend. In \u00d6sterreich wird dieser Ansatz ebenfalls immer h\u00e4ufiger umgesetzt. Besonders \u00f6ffentliche Einrichtungen und Beh\u00f6rden setzen verst\u00e4rkt auf klare und leicht verst\u00e4ndliche Inhalte, um Informationen f\u00fcr alle B\u00fcrger*innen zug\u00e4nglich zu machen.<\/p>\n<h3>Mehr Barrierefreiheit \u2013 schon geplant?<\/h3>\n<p>Unsicher, wie barrierefreie Kommunikation in der Praxis aussehen kann? Ob einfache Sprache, barrierefreie Websites oder zug\u00e4ngliche Inhalte \u2013 wir unterst\u00fctzen gerne auf dem Weg zu einer inklusiven Kommunikation.<\/p>\n<p>Quellen:<\/p>\n<p><a href=\"https:\/\/www.derstandard.at\/story\/3000000251435\/ab-2025-muessen-websites-in-oesterreich-barrierefrei-sein-was-zu-beachten-ist?ref=article\">https:\/\/www.derstandard.at\/story\/3000000251435\/ab-2025-muessen-websites-in-oesterreich-barrierefrei-sein-was-zu-beachten-ist?ref=article<\/a><\/p>\n<p><a href=\"https:\/\/www.wko.at\/ce-kennzeichnung-normen\/informationen-zum-barrierefreiheitsgesetz\">https:\/\/www.wko.at\/ce-kennzeichnung-normen\/informationen-zum-barrierefreiheitsgesetz\u00a0<\/a><\/p>\n","protected":false},"excerpt":{"rendered":"<p>Aufgepasst: Im Juni 2025\u00a0 tritt der European Accessibility Act in \u00d6sterreich\u00a0 in Kraft. Ab diesem Zeitpunkt m\u00fcssen digitale Produkte und Dienstleistungen so gestaltet sein, dass sie von allen Menschen genutzt werden k\u00f6nnen \u2013 unabh\u00e4ngig von Alter, Bildungsstand und Einschr\u00e4nkungen.\u00a0 Barrierefreie Kommunikation wird damit zur Pflicht und einfache Sprache gewinnt zunehmend an Bedeutung. Chancengleichheit und Gleichbehandlung sind heute wichtiger denn je: Barrierefreiheit spielt dabei eine zentrale Rolle \u2013 sei es im \u00f6ffentlichen Verkehr, in der Arbeitswelt, in der Bildung oder in einem oft untersch\u00e4tzten Bereich: der Sprache und Kommunikation. Eine verst\u00e4ndliche Ausdrucksweise und eine zug\u00e4ngliche Kommunikation sind nicht nur ein Ausdruck&#8230;<\/p>\n","protected":false},"author":93,"featured_media":19250,"comment_status":"closed","ping_status":"closed","sticky":false,"template":"","format":"standard","meta":{"_acf_changed":false,"footnotes":""},"categories":[4],"tags":[],"class_list":["post-19249","post","type-post","status-publish","format-standard","has-post-thumbnail","hentry","category-know-how"],"acf":[],"yoast_head":"<!-- This site is optimized with the Yoast SEO plugin v27.2 - https:\/\/yoast.com\/product\/yoast-seo-wordpress\/ -->\n<title>Barrierefreie Kommunikation wird zur Pflicht - ikp | PR Agentur \u00d6sterreich: Wien Salzburg Vorarlberg Graz<\/title>\n<meta name=\"description\" content=\"Barrierefreie Kommunikation wird zur gesetzlichen Pflicht und gewinnt im digitalen Raum zunehmend an Bedeutung.\" \/>\n<meta name=\"robots\" content=\"index, follow, max-snippet:-1, max-image-preview:large, max-video-preview:-1\" \/>\n<link rel=\"canonical\" href=\"https:\/\/ikp.at\/de\/blog\/know-how\/barrierefreie-kommunikation-wird-zur-pflicht\/\" \/>\n<meta property=\"og:locale\" content=\"de_DE\" \/>\n<meta property=\"og:type\" content=\"article\" \/>\n<meta property=\"og:title\" content=\"Barrierefreie Kommunikation wird zur Pflicht - ikp | PR Agentur \u00d6sterreich: Wien Salzburg Vorarlberg Graz\" \/>\n<meta property=\"og:description\" content=\"Barrierefreie Kommunikation wird zur gesetzlichen Pflicht und gewinnt im digitalen Raum zunehmend an Bedeutung.\" \/>\n<meta property=\"og:url\" content=\"https:\/\/ikp.at\/de\/blog\/know-how\/barrierefreie-kommunikation-wird-zur-pflicht\/\" \/>\n<meta property=\"og:site_name\" content=\"ikp | PR Agentur \u00d6sterreich: Wien Salzburg Vorarlberg Graz\" \/>\n<meta property=\"article:publisher\" content=\"https:\/\/www.facebook.com\/ikp.PR\" \/>\n<meta property=\"article:published_time\" content=\"2025-02-05T14:32:04+00:00\" \/>\n<meta property=\"article:modified_time\" content=\"2025-02-11T13:16:17+00:00\" \/>\n<meta property=\"og:image\" content=\"https:\/\/ikp.at\/wp-content\/uploads\/2025\/02\/ben-kolde-bs2Ba7t69mM-unsplash-scaled.jpg\" \/>\n\t<meta property=\"og:image:width\" content=\"2007\" \/>\n\t<meta property=\"og:image:height\" content=\"2560\" \/>\n\t<meta property=\"og:image:type\" content=\"image\/jpeg\" \/>\n<meta name=\"author\" content=\"Chiara Spiegel\" \/>\n<meta name=\"twitter:card\" content=\"summary_large_image\" \/>\n<meta name=\"twitter:label1\" content=\"Verfasst von\" \/>\n\t<meta name=\"twitter:data1\" content=\"Chiara Spiegel\" \/>\n\t<meta name=\"twitter:label2\" content=\"Gesch\u00e4tzte Lesezeit\" \/>\n\t<meta name=\"twitter:data2\" content=\"4\u00a0Minuten\" \/>\n<script type=\"application\/ld+json\" class=\"yoast-schema-graph\">{\"@context\":\"https:\/\/schema.org\",\"@graph\":[{\"@type\":\"Article\",\"@id\":\"https:\/\/ikp.at\/de\/blog\/know-how\/barrierefreie-kommunikation-wird-zur-pflicht\/#article\",\"isPartOf\":{\"@id\":\"https:\/\/ikp.at\/de\/blog\/know-how\/barrierefreie-kommunikation-wird-zur-pflicht\/\"},\"author\":{\"name\":\"Chiara Spiegel\",\"@id\":\"https:\/\/ikp.at\/de\/#\/schema\/person\/2a958d33ac4d43958ba96831dc84d7d3\"},\"headline\":\"Barrierefreie Kommunikation wird zur Pflicht\",\"datePublished\":\"2025-02-05T14:32:04+00:00\",\"dateModified\":\"2025-02-11T13:16:17+00:00\",\"mainEntityOfPage\":{\"@id\":\"https:\/\/ikp.at\/de\/blog\/know-how\/barrierefreie-kommunikation-wird-zur-pflicht\/\"},\"wordCount\":650,\"publisher\":{\"@id\":\"https:\/\/ikp.at\/de\/#organization\"},\"image\":{\"@id\":\"https:\/\/ikp.at\/de\/blog\/know-how\/barrierefreie-kommunikation-wird-zur-pflicht\/#primaryimage\"},\"thumbnailUrl\":\"https:\/\/ikp.at\/wp-content\/uploads\/2025\/02\/ben-kolde-bs2Ba7t69mM-unsplash-scaled.jpg\",\"articleSection\":[\"Know-how\"],\"inLanguage\":\"de\"},{\"@type\":\"WebPage\",\"@id\":\"https:\/\/ikp.at\/de\/blog\/know-how\/barrierefreie-kommunikation-wird-zur-pflicht\/\",\"url\":\"https:\/\/ikp.at\/de\/blog\/know-how\/barrierefreie-kommunikation-wird-zur-pflicht\/\",\"name\":\"Barrierefreie Kommunikation wird zur Pflicht - ikp | PR Agentur \u00d6sterreich: Wien Salzburg Vorarlberg Graz\",\"isPartOf\":{\"@id\":\"https:\/\/ikp.at\/de\/#website\"},\"primaryImageOfPage\":{\"@id\":\"https:\/\/ikp.at\/de\/blog\/know-how\/barrierefreie-kommunikation-wird-zur-pflicht\/#primaryimage\"},\"image\":{\"@id\":\"https:\/\/ikp.at\/de\/blog\/know-how\/barrierefreie-kommunikation-wird-zur-pflicht\/#primaryimage\"},\"thumbnailUrl\":\"https:\/\/ikp.at\/wp-content\/uploads\/2025\/02\/ben-kolde-bs2Ba7t69mM-unsplash-scaled.jpg\",\"datePublished\":\"2025-02-05T14:32:04+00:00\",\"dateModified\":\"2025-02-11T13:16:17+00:00\",\"description\":\"Barrierefreie Kommunikation wird zur gesetzlichen Pflicht und gewinnt im digitalen Raum zunehmend an Bedeutung.\",\"breadcrumb\":{\"@id\":\"https:\/\/ikp.at\/de\/blog\/know-how\/barrierefreie-kommunikation-wird-zur-pflicht\/#breadcrumb\"},\"inLanguage\":\"de\",\"potentialAction\":[{\"@type\":\"ReadAction\",\"target\":[\"https:\/\/ikp.at\/de\/blog\/know-how\/barrierefreie-kommunikation-wird-zur-pflicht\/\"]}]},{\"@type\":\"ImageObject\",\"inLanguage\":\"de\",\"@id\":\"https:\/\/ikp.at\/de\/blog\/know-how\/barrierefreie-kommunikation-wird-zur-pflicht\/#primaryimage\",\"url\":\"https:\/\/ikp.at\/wp-content\/uploads\/2025\/02\/ben-kolde-bs2Ba7t69mM-unsplash-scaled.jpg\",\"contentUrl\":\"https:\/\/ikp.at\/wp-content\/uploads\/2025\/02\/ben-kolde-bs2Ba7t69mM-unsplash-scaled.jpg\",\"width\":2007,\"height\":2560},{\"@type\":\"BreadcrumbList\",\"@id\":\"https:\/\/ikp.at\/de\/blog\/know-how\/barrierefreie-kommunikation-wird-zur-pflicht\/#breadcrumb\",\"itemListElement\":[{\"@type\":\"ListItem\",\"position\":1,\"name\":\"Startseite\",\"item\":\"https:\/\/ikp.at\/de\/\"},{\"@type\":\"ListItem\",\"position\":2,\"name\":\"Barrierefreie Kommunikation wird zur Pflicht\"}]},{\"@type\":\"WebSite\",\"@id\":\"https:\/\/ikp.at\/de\/#website\",\"url\":\"https:\/\/ikp.at\/de\/\",\"name\":\"ikp | PR Agentur \u00d6sterreich: Wien Salzburg Vorarlberg Graz\",\"description\":\"\",\"publisher\":{\"@id\":\"https:\/\/ikp.at\/de\/#organization\"},\"potentialAction\":[{\"@type\":\"SearchAction\",\"target\":{\"@type\":\"EntryPoint\",\"urlTemplate\":\"https:\/\/ikp.at\/de\/?s={search_term_string}\"},\"query-input\":{\"@type\":\"PropertyValueSpecification\",\"valueRequired\":true,\"valueName\":\"search_term_string\"}}],\"inLanguage\":\"de\"},{\"@type\":\"Organization\",\"@id\":\"https:\/\/ikp.at\/de\/#organization\",\"name\":\"ikp | PR Agentur \u00d6sterreich: Wien Salzburg Vorarlberg Graz\",\"url\":\"https:\/\/ikp.at\/de\/\",\"logo\":{\"@type\":\"ImageObject\",\"inLanguage\":\"de\",\"@id\":\"https:\/\/ikp.at\/de\/#\/schema\/logo\/image\/\",\"url\":\"https:\/\/ikp.at\/wp-content\/uploads\/2023\/03\/ikp-logo-yoast.jpg\",\"contentUrl\":\"https:\/\/ikp.at\/wp-content\/uploads\/2023\/03\/ikp-logo-yoast.jpg\",\"width\":696,\"height\":696,\"caption\":\"ikp | PR Agentur \u00d6sterreich: Wien Salzburg Vorarlberg Graz\"},\"image\":{\"@id\":\"https:\/\/ikp.at\/de\/#\/schema\/logo\/image\/\"},\"sameAs\":[\"https:\/\/www.facebook.com\/ikp.PR\",\"https:\/\/www.linkedin.com\/company\/ikp\/\",\"https:\/\/www.instagram.com\/ikp_pr\/\",\"https:\/\/www.tiktok.com\/@ikp.pr\",\"https:\/\/www.youtube.com\/@ikpPRundLobbying\"]},{\"@type\":\"Person\",\"@id\":\"https:\/\/ikp.at\/de\/#\/schema\/person\/2a958d33ac4d43958ba96831dc84d7d3\",\"name\":\"Chiara Spiegel\"}]}<\/script>\n<!-- \/ Yoast SEO plugin. -->","yoast_head_json":{"title":"Barrierefreie Kommunikation wird zur Pflicht - ikp | PR Agentur \u00d6sterreich: Wien Salzburg Vorarlberg Graz","description":"Barrierefreie Kommunikation wird zur gesetzlichen Pflicht und gewinnt im digitalen Raum zunehmend an Bedeutung.","robots":{"index":"index","follow":"follow","max-snippet":"max-snippet:-1","max-image-preview":"max-image-preview:large","max-video-preview":"max-video-preview:-1"},"canonical":"https:\/\/ikp.at\/de\/blog\/know-how\/barrierefreie-kommunikation-wird-zur-pflicht\/","og_locale":"de_DE","og_type":"article","og_title":"Barrierefreie Kommunikation wird zur Pflicht - ikp | PR Agentur \u00d6sterreich: Wien Salzburg Vorarlberg Graz","og_description":"Barrierefreie Kommunikation wird zur gesetzlichen Pflicht und gewinnt im digitalen Raum zunehmend an Bedeutung.","og_url":"https:\/\/ikp.at\/de\/blog\/know-how\/barrierefreie-kommunikation-wird-zur-pflicht\/","og_site_name":"ikp | PR Agentur \u00d6sterreich: Wien Salzburg Vorarlberg Graz","article_publisher":"https:\/\/www.facebook.com\/ikp.PR","article_published_time":"2025-02-05T14:32:04+00:00","article_modified_time":"2025-02-11T13:16:17+00:00","og_image":[{"width":2007,"height":2560,"url":"https:\/\/ikp.at\/wp-content\/uploads\/2025\/02\/ben-kolde-bs2Ba7t69mM-unsplash-scaled.jpg","type":"image\/jpeg"}],"author":"Chiara Spiegel","twitter_card":"summary_large_image","twitter_misc":{"Verfasst von":"Chiara Spiegel","Gesch\u00e4tzte Lesezeit":"4\u00a0Minuten"},"schema":{"@context":"https:\/\/schema.org","@graph":[{"@type":"Article","@id":"https:\/\/ikp.at\/de\/blog\/know-how\/barrierefreie-kommunikation-wird-zur-pflicht\/#article","isPartOf":{"@id":"https:\/\/ikp.at\/de\/blog\/know-how\/barrierefreie-kommunikation-wird-zur-pflicht\/"},"author":{"name":"Chiara Spiegel","@id":"https:\/\/ikp.at\/de\/#\/schema\/person\/2a958d33ac4d43958ba96831dc84d7d3"},"headline":"Barrierefreie Kommunikation wird zur Pflicht","datePublished":"2025-02-05T14:32:04+00:00","dateModified":"2025-02-11T13:16:17+00:00","mainEntityOfPage":{"@id":"https:\/\/ikp.at\/de\/blog\/know-how\/barrierefreie-kommunikation-wird-zur-pflicht\/"},"wordCount":650,"publisher":{"@id":"https:\/\/ikp.at\/de\/#organization"},"image":{"@id":"https:\/\/ikp.at\/de\/blog\/know-how\/barrierefreie-kommunikation-wird-zur-pflicht\/#primaryimage"},"thumbnailUrl":"https:\/\/ikp.at\/wp-content\/uploads\/2025\/02\/ben-kolde-bs2Ba7t69mM-unsplash-scaled.jpg","articleSection":["Know-how"],"inLanguage":"de"},{"@type":"WebPage","@id":"https:\/\/ikp.at\/de\/blog\/know-how\/barrierefreie-kommunikation-wird-zur-pflicht\/","url":"https:\/\/ikp.at\/de\/blog\/know-how\/barrierefreie-kommunikation-wird-zur-pflicht\/","name":"Barrierefreie Kommunikation wird zur Pflicht - ikp | PR Agentur \u00d6sterreich: Wien Salzburg Vorarlberg Graz","isPartOf":{"@id":"https:\/\/ikp.at\/de\/#website"},"primaryImageOfPage":{"@id":"https:\/\/ikp.at\/de\/blog\/know-how\/barrierefreie-kommunikation-wird-zur-pflicht\/#primaryimage"},"image":{"@id":"https:\/\/ikp.at\/de\/blog\/know-how\/barrierefreie-kommunikation-wird-zur-pflicht\/#primaryimage"},"thumbnailUrl":"https:\/\/ikp.at\/wp-content\/uploads\/2025\/02\/ben-kolde-bs2Ba7t69mM-unsplash-scaled.jpg","datePublished":"2025-02-05T14:32:04+00:00","dateModified":"2025-02-11T13:16:17+00:00","description":"Barrierefreie Kommunikation wird zur gesetzlichen Pflicht und gewinnt im digitalen Raum zunehmend an Bedeutung.","breadcrumb":{"@id":"https:\/\/ikp.at\/de\/blog\/know-how\/barrierefreie-kommunikation-wird-zur-pflicht\/#breadcrumb"},"inLanguage":"de","potentialAction":[{"@type":"ReadAction","target":["https:\/\/ikp.at\/de\/blog\/know-how\/barrierefreie-kommunikation-wird-zur-pflicht\/"]}]},{"@type":"ImageObject","inLanguage":"de","@id":"https:\/\/ikp.at\/de\/blog\/know-how\/barrierefreie-kommunikation-wird-zur-pflicht\/#primaryimage","url":"https:\/\/ikp.at\/wp-content\/uploads\/2025\/02\/ben-kolde-bs2Ba7t69mM-unsplash-scaled.jpg","contentUrl":"https:\/\/ikp.at\/wp-content\/uploads\/2025\/02\/ben-kolde-bs2Ba7t69mM-unsplash-scaled.jpg","width":2007,"height":2560},{"@type":"BreadcrumbList","@id":"https:\/\/ikp.at\/de\/blog\/know-how\/barrierefreie-kommunikation-wird-zur-pflicht\/#breadcrumb","itemListElement":[{"@type":"ListItem","position":1,"name":"Startseite","item":"https:\/\/ikp.at\/de\/"},{"@type":"ListItem","position":2,"name":"Barrierefreie Kommunikation wird zur Pflicht"}]},{"@type":"WebSite","@id":"https:\/\/ikp.at\/de\/#website","url":"https:\/\/ikp.at\/de\/","name":"ikp | PR Agentur \u00d6sterreich: Wien Salzburg Vorarlberg Graz","description":"","publisher":{"@id":"https:\/\/ikp.at\/de\/#organization"},"potentialAction":[{"@type":"SearchAction","target":{"@type":"EntryPoint","urlTemplate":"https:\/\/ikp.at\/de\/?s={search_term_string}"},"query-input":{"@type":"PropertyValueSpecification","valueRequired":true,"valueName":"search_term_string"}}],"inLanguage":"de"},{"@type":"Organization","@id":"https:\/\/ikp.at\/de\/#organization","name":"ikp | PR Agentur \u00d6sterreich: Wien Salzburg Vorarlberg Graz","url":"https:\/\/ikp.at\/de\/","logo":{"@type":"ImageObject","inLanguage":"de","@id":"https:\/\/ikp.at\/de\/#\/schema\/logo\/image\/","url":"https:\/\/ikp.at\/wp-content\/uploads\/2023\/03\/ikp-logo-yoast.jpg","contentUrl":"https:\/\/ikp.at\/wp-content\/uploads\/2023\/03\/ikp-logo-yoast.jpg","width":696,"height":696,"caption":"ikp | PR Agentur \u00d6sterreich: Wien Salzburg Vorarlberg Graz"},"image":{"@id":"https:\/\/ikp.at\/de\/#\/schema\/logo\/image\/"},"sameAs":["https:\/\/www.facebook.com\/ikp.PR","https:\/\/www.linkedin.com\/company\/ikp\/","https:\/\/www.instagram.com\/ikp_pr\/","https:\/\/www.tiktok.com\/@ikp.pr","https:\/\/www.youtube.com\/@ikpPRundLobbying"]},{"@type":"Person","@id":"https:\/\/ikp.at\/de\/#\/schema\/person\/2a958d33ac4d43958ba96831dc84d7d3","name":"Chiara Spiegel"}]}},"_links":{"self":[{"href":"https:\/\/ikp.at\/de\/wp-json\/wp\/v2\/posts\/19249","targetHints":{"allow":["GET"]}}],"collection":[{"href":"https:\/\/ikp.at\/de\/wp-json\/wp\/v2\/posts"}],"about":[{"href":"https:\/\/ikp.at\/de\/wp-json\/wp\/v2\/types\/post"}],"author":[{"embeddable":true,"href":"https:\/\/ikp.at\/de\/wp-json\/wp\/v2\/users\/93"}],"replies":[{"embeddable":true,"href":"https:\/\/ikp.at\/de\/wp-json\/wp\/v2\/comments?post=19249"}],"version-history":[{"count":5,"href":"https:\/\/ikp.at\/de\/wp-json\/wp\/v2\/posts\/19249\/revisions"}],"predecessor-version":[{"id":19290,"href":"https:\/\/ikp.at\/de\/wp-json\/wp\/v2\/posts\/19249\/revisions\/19290"}],"wp:featuredmedia":[{"embeddable":true,"href":"https:\/\/ikp.at\/de\/wp-json\/wp\/v2\/media\/19250"}],"wp:attachment":[{"href":"https:\/\/ikp.at\/de\/wp-json\/wp\/v2\/media?parent=19249"}],"wp:term":[{"taxonomy":"category","embeddable":true,"href":"https:\/\/ikp.at\/de\/wp-json\/wp\/v2\/categories?post=19249"},{"taxonomy":"post_tag","embeddable":true,"href":"https:\/\/ikp.at\/de\/wp-json\/wp\/v2\/tags?post=19249"}],"curies":[{"name":"wp","href":"https:\/\/api.w.org\/{rel}","templated":true}]}}