{"id":20320,"date":"2026-01-14T08:13:12","date_gmt":"2026-01-14T08:13:12","guid":{"rendered":"https:\/\/ikp.at\/?p=20320"},"modified":"2026-01-14T08:13:12","modified_gmt":"2026-01-14T08:13:12","slug":"ki-pr-power-bei-ikp-wien-katharina-scheyerer-janda-ergaenzt-geschaeftsleitung","status":"publish","type":"post","link":"https:\/\/ikp.at\/de\/blog\/ikp-news\/ki-pr-power-bei-ikp-wien-katharina-scheyerer-janda-ergaenzt-geschaeftsleitung\/","title":{"rendered":"KI- &#038; PR-Power bei ikp Wien: Katharina Scheyerer-Janda erg\u00e4nzt Gesch\u00e4ftsleitung"},"content":{"rendered":"<p><strong>Katharina Scheyerer-Janda<\/strong> tauscht nach 14 Jahren als erfolgreiche Unternehmerin die Solo-B\u00fchne gegen Teamwork und heuert bei ikp Wien an. Im Gep\u00e4ck der Vollblutkommunikatorin: \u00fcber zwanzig Jahre Kommunikations-Expertise und ein prall gef\u00fclltes Kundenportfolio aus ihrem 2012 gegr\u00fcndeten Beratungsunternehmen <a href=\"https:\/\/www.meinungsbild.at\/\" target=\"_blank\" rel=\"noopener\">meinungsbild pr &amp; coaching<\/a>. Als Senior Consultant und neues Gesch\u00e4ftsleitungsmitglied wird die zertifizierte KI-Managerin die Themen KI &amp; Digitale Transformation, IT und Cybersecurity im ikp-Universum vorantreiben.<\/p>\n<h3><strong>Erg\u00e4nzung f\u00fcr ikp Management<\/strong><\/h3>\n<p>Maria Wedenig, Gesch\u00e4ftsf\u00fchrerin von ikp Wien: \u201eikp Wien steht f\u00fcr strategische Kommunikation, tiefe Branchenexpertise, unternehmerisches Denken und den Mut, neue Wege zu gehen. Das erg\u00e4nzt sich optimal mit Katharina als ausgewiesener PR-Strategin mit beeindruckendem Kundenportfolio und ihrer Vorreiter-Rolle in Sachen KI-Integration. Gemeinsam gestalten wir innovative Kommunikationsl\u00f6sungen f\u00fcr Unternehmen, die Vertrauen, Reputation und Markenwert st\u00e4rken. Die Content Factory ikp bekommt kr\u00e4ftigen Zuwachs.&#8220;<\/p>\n<p>Susanne Hudelist, ebenfalls Gesch\u00e4ftsf\u00fchrerin von ikp Wien, erg\u00e4nzt: \u201eKatharina und ich kennen uns seit fast 20 Jahren \u2013 zwei Perioden haben wir gemeinsam im PRVA-Vorstand verbracht und dabei festgestellt: Wir ticken sehr \u00e4hnlich, wenn es um strukturiertes PR-Qualit\u00e4tsmanagement geht. Diese gemeinsame DNA plus unser beidseitiges Kommunikations-Feuer sind der perfekte Treibstoff f\u00fcr eine nachhaltig erfolgreiche Zukunft. Ready for takeoff!\u201c<\/p>\n<h3><strong>Zertifizierte Qualit\u00e4t trifft auf zertifizierte Qualit\u00e4t<\/strong><\/h3>\n<p>Ihre Liebe zur Kommunikation entdeckte Katharina bereits w\u00e4hrend der ersten Praktika beim Studium der Publizistik und Kommunikationswissenschaften. Nach neun Jahren in einer renommierten Wiener PR-Agentur gr\u00fcndete sie 2012 meinungsbild pr &amp; coaching. Dort beriet sie Kunden aus den Bereichen Lebensmittel und Gastronomie, Kosmetik, Recht und Finanzdienstleistungen, IT, Immobilien sowie produzierendes Gewerbe mit einer besonderen Leidenschaft f\u00fcr \u201ehidden champions\u201c. Zus\u00e4tzlich ist sie als Moderatorin und Vortragende an der FH Wien t\u00e4tig und engagiert sich seit vielen Jahren f\u00fcr das Thema Qualit\u00e4t in der PR. Sie ist nicht nur die einzige \u00d6PR-zertifizierte Einzelberaterin \u00d6sterreichs, sondern seit 2017 im Vorstand des \u00d6PR \u2013 \u00d6sterreichisches PR-G\u00fctezeichen t\u00e4tig. Zudem war sie vier Jahre Vorstandsmitglied des PRVA.<\/p>\n<p>\u201eMit ikp Wien verbindet mich der Anspruch an Qualit\u00e4t und die Leidenschaft f\u00fcr wertvolle, transparente Kommunikation. Ich freue mich, dass wir diesen Weg jetzt gemeinsam gehen\u201c, sagt Katharina Scheyerer-Janda.<\/p>\n<p>Sie m\u00f6chten mehr \u00fcber Katharina Scheyerer-Janda wissen? Hier geht\u2019s zu Ihrem Portrait <a href=\"https:\/\/ikp.at\/de\/agentur\/wien\/\">ikp | PR Agentur Wien<\/a>.<\/p>\n","protected":false},"excerpt":{"rendered":"<p>Die erfahrene PR-Strategin und KI-Managerin bringt jetzt ihr Know-how und Kundenportfolio bei der Wiener Kommunikationsagentur ein.<\/p>\n","protected":false},"author":7,"featured_media":20321,"comment_status":"closed","ping_status":"closed","sticky":false,"template":"","format":"standard","meta":{"_acf_changed":false,"footnotes":""},"categories":[1105],"tags":[1682,1685,1684,1681,1683],"class_list":["post-20320","post","type-post","status-publish","format-standard","has-post-thumbnail","hentry","category-ikp-news","tag-katharina-scheyerer-janda","tag-ki-managerin","tag-mitglied-der-geschaeftsleitung","tag-neu-bei-ikp","tag-pr-senior-consultant"],"acf":[],"yoast_head":"<!-- This site is optimized with the Yoast SEO plugin v27.2 - https:\/\/yoast.com\/product\/yoast-seo-wordpress\/ -->\n<title>Katharina Scheyerer-Janda erg\u00e4nzt Gesch\u00e4ftsleitung bei ikp Wien<\/title>\n<meta name=\"description\" content=\"Die erfahrene PR-Strategin und KI-Managerin bringt jetzt ihr Know-how und Kundenportfolio bei der Wiener Kommunikationsagentur ein\" \/>\n<meta name=\"robots\" content=\"index, follow, max-snippet:-1, max-image-preview:large, max-video-preview:-1\" \/>\n<link rel=\"canonical\" href=\"https:\/\/ikp.at\/de\/blog\/ikp-news\/ki-pr-power-bei-ikp-wien-katharina-scheyerer-janda-ergaenzt-geschaeftsleitung\/\" \/>\n<meta property=\"og:locale\" content=\"de_DE\" \/>\n<meta property=\"og:type\" content=\"article\" \/>\n<meta property=\"og:title\" content=\"Katharina Scheyerer-Janda erg\u00e4nzt Gesch\u00e4ftsleitung bei ikp Wien\" \/>\n<meta property=\"og:description\" content=\"Die erfahrene PR-Strategin und KI-Managerin bringt jetzt ihr Know-how und Kundenportfolio bei der Wiener Kommunikationsagentur ein\" \/>\n<meta property=\"og:url\" content=\"https:\/\/ikp.at\/de\/blog\/ikp-news\/ki-pr-power-bei-ikp-wien-katharina-scheyerer-janda-ergaenzt-geschaeftsleitung\/\" \/>\n<meta property=\"og:site_name\" content=\"ikp | PR Agentur \u00d6sterreich: Wien Salzburg Vorarlberg Graz\" \/>\n<meta property=\"article:publisher\" content=\"https:\/\/www.facebook.com\/ikp.PR\" \/>\n<meta property=\"article:published_time\" content=\"2026-01-14T08:13:12+00:00\" \/>\n<meta property=\"og:image\" content=\"https:\/\/ikp.at\/wp-content\/uploads\/2026\/01\/ikp_Blog_KSJ_Foto_\u00a9Belleandsass-scaled-e1768295434653.jpg\" \/>\n\t<meta property=\"og:image:width\" content=\"2560\" \/>\n\t<meta property=\"og:image:height\" content=\"1493\" \/>\n\t<meta property=\"og:image:type\" content=\"image\/jpeg\" \/>\n<meta name=\"author\" content=\"ikp\" \/>\n<meta name=\"twitter:card\" content=\"summary_large_image\" \/>\n<meta name=\"twitter:label1\" content=\"Verfasst von\" \/>\n\t<meta name=\"twitter:data1\" content=\"ikp\" \/>\n\t<meta name=\"twitter:label2\" content=\"Gesch\u00e4tzte Lesezeit\" \/>\n\t<meta name=\"twitter:data2\" content=\"3\u00a0Minuten\" \/>\n<script type=\"application\/ld+json\" class=\"yoast-schema-graph\">{\"@context\":\"https:\/\/schema.org\",\"@graph\":[{\"@type\":\"Article\",\"@id\":\"https:\/\/ikp.at\/de\/blog\/ikp-news\/ki-pr-power-bei-ikp-wien-katharina-scheyerer-janda-ergaenzt-geschaeftsleitung\/#article\",\"isPartOf\":{\"@id\":\"https:\/\/ikp.at\/de\/blog\/ikp-news\/ki-pr-power-bei-ikp-wien-katharina-scheyerer-janda-ergaenzt-geschaeftsleitung\/\"},\"author\":{\"name\":\"ikp\",\"@id\":\"https:\/\/ikp.at\/de\/#\/schema\/person\/8b56a52cf43ca5dc5bda3cbed12622b2\"},\"headline\":\"KI- &#038; PR-Power bei ikp Wien: Katharina Scheyerer-Janda erg\u00e4nzt Gesch\u00e4ftsleitung\",\"datePublished\":\"2026-01-14T08:13:12+00:00\",\"mainEntityOfPage\":{\"@id\":\"https:\/\/ikp.at\/de\/blog\/ikp-news\/ki-pr-power-bei-ikp-wien-katharina-scheyerer-janda-ergaenzt-geschaeftsleitung\/\"},\"wordCount\":387,\"publisher\":{\"@id\":\"https:\/\/ikp.at\/de\/#organization\"},\"image\":{\"@id\":\"https:\/\/ikp.at\/de\/blog\/ikp-news\/ki-pr-power-bei-ikp-wien-katharina-scheyerer-janda-ergaenzt-geschaeftsleitung\/#primaryimage\"},\"thumbnailUrl\":\"https:\/\/ikp.at\/wp-content\/uploads\/2026\/01\/ikp_Blog_KSJ_Foto_\u00a9Belleandsass-scaled-e1768295434653.jpg\",\"keywords\":[\"Katharina Scheyerer-Janda\",\"KI-Managerin\",\"Mitglied der Gesch\u00e4ftsleitung\",\"Neu bei ikp\",\"PR-Senior Consultant\"],\"articleSection\":[\"ikp News\"],\"inLanguage\":\"de\"},{\"@type\":\"WebPage\",\"@id\":\"https:\/\/ikp.at\/de\/blog\/ikp-news\/ki-pr-power-bei-ikp-wien-katharina-scheyerer-janda-ergaenzt-geschaeftsleitung\/\",\"url\":\"https:\/\/ikp.at\/de\/blog\/ikp-news\/ki-pr-power-bei-ikp-wien-katharina-scheyerer-janda-ergaenzt-geschaeftsleitung\/\",\"name\":\"Katharina Scheyerer-Janda erg\u00e4nzt Gesch\u00e4ftsleitung bei ikp Wien\",\"isPartOf\":{\"@id\":\"https:\/\/ikp.at\/de\/#website\"},\"primaryImageOfPage\":{\"@id\":\"https:\/\/ikp.at\/de\/blog\/ikp-news\/ki-pr-power-bei-ikp-wien-katharina-scheyerer-janda-ergaenzt-geschaeftsleitung\/#primaryimage\"},\"image\":{\"@id\":\"https:\/\/ikp.at\/de\/blog\/ikp-news\/ki-pr-power-bei-ikp-wien-katharina-scheyerer-janda-ergaenzt-geschaeftsleitung\/#primaryimage\"},\"thumbnailUrl\":\"https:\/\/ikp.at\/wp-content\/uploads\/2026\/01\/ikp_Blog_KSJ_Foto_\u00a9Belleandsass-scaled-e1768295434653.jpg\",\"datePublished\":\"2026-01-14T08:13:12+00:00\",\"description\":\"Die erfahrene PR-Strategin und KI-Managerin bringt jetzt ihr Know-how und Kundenportfolio bei der Wiener Kommunikationsagentur ein\",\"breadcrumb\":{\"@id\":\"https:\/\/ikp.at\/de\/blog\/ikp-news\/ki-pr-power-bei-ikp-wien-katharina-scheyerer-janda-ergaenzt-geschaeftsleitung\/#breadcrumb\"},\"inLanguage\":\"de\",\"potentialAction\":[{\"@type\":\"ReadAction\",\"target\":[\"https:\/\/ikp.at\/de\/blog\/ikp-news\/ki-pr-power-bei-ikp-wien-katharina-scheyerer-janda-ergaenzt-geschaeftsleitung\/\"]}]},{\"@type\":\"ImageObject\",\"inLanguage\":\"de\",\"@id\":\"https:\/\/ikp.at\/de\/blog\/ikp-news\/ki-pr-power-bei-ikp-wien-katharina-scheyerer-janda-ergaenzt-geschaeftsleitung\/#primaryimage\",\"url\":\"https:\/\/ikp.at\/wp-content\/uploads\/2026\/01\/ikp_Blog_KSJ_Foto_\u00a9Belleandsass-scaled-e1768295434653.jpg\",\"contentUrl\":\"https:\/\/ikp.at\/wp-content\/uploads\/2026\/01\/ikp_Blog_KSJ_Foto_\u00a9Belleandsass-scaled-e1768295434653.jpg\",\"width\":2560,\"height\":1493,\"caption\":\"Katharina Scheyerer-Janda\"},{\"@type\":\"BreadcrumbList\",\"@id\":\"https:\/\/ikp.at\/de\/blog\/ikp-news\/ki-pr-power-bei-ikp-wien-katharina-scheyerer-janda-ergaenzt-geschaeftsleitung\/#breadcrumb\",\"itemListElement\":[{\"@type\":\"ListItem\",\"position\":1,\"name\":\"Startseite\",\"item\":\"https:\/\/ikp.at\/de\/\"},{\"@type\":\"ListItem\",\"position\":2,\"name\":\"KI- &#038; PR-Power bei ikp Wien: Katharina Scheyerer-Janda erg\u00e4nzt Gesch\u00e4ftsleitung\"}]},{\"@type\":\"WebSite\",\"@id\":\"https:\/\/ikp.at\/de\/#website\",\"url\":\"https:\/\/ikp.at\/de\/\",\"name\":\"ikp | PR Agentur \u00d6sterreich: Wien Salzburg Vorarlberg Graz\",\"description\":\"\",\"publisher\":{\"@id\":\"https:\/\/ikp.at\/de\/#organization\"},\"potentialAction\":[{\"@type\":\"SearchAction\",\"target\":{\"@type\":\"EntryPoint\",\"urlTemplate\":\"https:\/\/ikp.at\/de\/?s={search_term_string}\"},\"query-input\":{\"@type\":\"PropertyValueSpecification\",\"valueRequired\":true,\"valueName\":\"search_term_string\"}}],\"inLanguage\":\"de\"},{\"@type\":\"Organization\",\"@id\":\"https:\/\/ikp.at\/de\/#organization\",\"name\":\"ikp | PR Agentur \u00d6sterreich: Wien Salzburg Vorarlberg Graz\",\"url\":\"https:\/\/ikp.at\/de\/\",\"logo\":{\"@type\":\"ImageObject\",\"inLanguage\":\"de\",\"@id\":\"https:\/\/ikp.at\/de\/#\/schema\/logo\/image\/\",\"url\":\"https:\/\/ikp.at\/wp-content\/uploads\/2023\/03\/ikp-logo-yoast.jpg\",\"contentUrl\":\"https:\/\/ikp.at\/wp-content\/uploads\/2023\/03\/ikp-logo-yoast.jpg\",\"width\":696,\"height\":696,\"caption\":\"ikp | PR Agentur \u00d6sterreich: Wien Salzburg Vorarlberg Graz\"},\"image\":{\"@id\":\"https:\/\/ikp.at\/de\/#\/schema\/logo\/image\/\"},\"sameAs\":[\"https:\/\/www.facebook.com\/ikp.PR\",\"https:\/\/www.linkedin.com\/company\/ikp\/\",\"https:\/\/www.instagram.com\/ikp_pr\/\",\"https:\/\/www.tiktok.com\/@ikp.pr\",\"https:\/\/www.youtube.com\/@ikpPRundLobbying\"]},{\"@type\":\"Person\",\"@id\":\"https:\/\/ikp.at\/de\/#\/schema\/person\/8b56a52cf43ca5dc5bda3cbed12622b2\",\"name\":\"ikp\"}]}<\/script>\n<!-- \/ Yoast SEO plugin. -->","yoast_head_json":{"title":"Katharina Scheyerer-Janda erg\u00e4nzt Gesch\u00e4ftsleitung bei ikp Wien","description":"Die erfahrene PR-Strategin und KI-Managerin bringt jetzt ihr Know-how und Kundenportfolio bei der Wiener Kommunikationsagentur ein","robots":{"index":"index","follow":"follow","max-snippet":"max-snippet:-1","max-image-preview":"max-image-preview:large","max-video-preview":"max-video-preview:-1"},"canonical":"https:\/\/ikp.at\/de\/blog\/ikp-news\/ki-pr-power-bei-ikp-wien-katharina-scheyerer-janda-ergaenzt-geschaeftsleitung\/","og_locale":"de_DE","og_type":"article","og_title":"Katharina Scheyerer-Janda erg\u00e4nzt Gesch\u00e4ftsleitung bei ikp Wien","og_description":"Die erfahrene PR-Strategin und KI-Managerin bringt jetzt ihr Know-how und Kundenportfolio bei der Wiener Kommunikationsagentur ein","og_url":"https:\/\/ikp.at\/de\/blog\/ikp-news\/ki-pr-power-bei-ikp-wien-katharina-scheyerer-janda-ergaenzt-geschaeftsleitung\/","og_site_name":"ikp | PR Agentur \u00d6sterreich: Wien Salzburg Vorarlberg Graz","article_publisher":"https:\/\/www.facebook.com\/ikp.PR","article_published_time":"2026-01-14T08:13:12+00:00","og_image":[{"width":2560,"height":1493,"url":"https:\/\/ikp.at\/wp-content\/uploads\/2026\/01\/ikp_Blog_KSJ_Foto_\u00a9Belleandsass-scaled-e1768295434653.jpg","type":"image\/jpeg"}],"author":"ikp","twitter_card":"summary_large_image","twitter_misc":{"Verfasst von":"ikp","Gesch\u00e4tzte Lesezeit":"3\u00a0Minuten"},"schema":{"@context":"https:\/\/schema.org","@graph":[{"@type":"Article","@id":"https:\/\/ikp.at\/de\/blog\/ikp-news\/ki-pr-power-bei-ikp-wien-katharina-scheyerer-janda-ergaenzt-geschaeftsleitung\/#article","isPartOf":{"@id":"https:\/\/ikp.at\/de\/blog\/ikp-news\/ki-pr-power-bei-ikp-wien-katharina-scheyerer-janda-ergaenzt-geschaeftsleitung\/"},"author":{"name":"ikp","@id":"https:\/\/ikp.at\/de\/#\/schema\/person\/8b56a52cf43ca5dc5bda3cbed12622b2"},"headline":"KI- &#038; PR-Power bei ikp Wien: Katharina Scheyerer-Janda erg\u00e4nzt Gesch\u00e4ftsleitung","datePublished":"2026-01-14T08:13:12+00:00","mainEntityOfPage":{"@id":"https:\/\/ikp.at\/de\/blog\/ikp-news\/ki-pr-power-bei-ikp-wien-katharina-scheyerer-janda-ergaenzt-geschaeftsleitung\/"},"wordCount":387,"publisher":{"@id":"https:\/\/ikp.at\/de\/#organization"},"image":{"@id":"https:\/\/ikp.at\/de\/blog\/ikp-news\/ki-pr-power-bei-ikp-wien-katharina-scheyerer-janda-ergaenzt-geschaeftsleitung\/#primaryimage"},"thumbnailUrl":"https:\/\/ikp.at\/wp-content\/uploads\/2026\/01\/ikp_Blog_KSJ_Foto_\u00a9Belleandsass-scaled-e1768295434653.jpg","keywords":["Katharina Scheyerer-Janda","KI-Managerin","Mitglied der Gesch\u00e4ftsleitung","Neu bei ikp","PR-Senior Consultant"],"articleSection":["ikp News"],"inLanguage":"de"},{"@type":"WebPage","@id":"https:\/\/ikp.at\/de\/blog\/ikp-news\/ki-pr-power-bei-ikp-wien-katharina-scheyerer-janda-ergaenzt-geschaeftsleitung\/","url":"https:\/\/ikp.at\/de\/blog\/ikp-news\/ki-pr-power-bei-ikp-wien-katharina-scheyerer-janda-ergaenzt-geschaeftsleitung\/","name":"Katharina Scheyerer-Janda erg\u00e4nzt Gesch\u00e4ftsleitung bei ikp Wien","isPartOf":{"@id":"https:\/\/ikp.at\/de\/#website"},"primaryImageOfPage":{"@id":"https:\/\/ikp.at\/de\/blog\/ikp-news\/ki-pr-power-bei-ikp-wien-katharina-scheyerer-janda-ergaenzt-geschaeftsleitung\/#primaryimage"},"image":{"@id":"https:\/\/ikp.at\/de\/blog\/ikp-news\/ki-pr-power-bei-ikp-wien-katharina-scheyerer-janda-ergaenzt-geschaeftsleitung\/#primaryimage"},"thumbnailUrl":"https:\/\/ikp.at\/wp-content\/uploads\/2026\/01\/ikp_Blog_KSJ_Foto_\u00a9Belleandsass-scaled-e1768295434653.jpg","datePublished":"2026-01-14T08:13:12+00:00","description":"Die erfahrene PR-Strategin und KI-Managerin bringt jetzt ihr Know-how und Kundenportfolio bei der Wiener Kommunikationsagentur ein","breadcrumb":{"@id":"https:\/\/ikp.at\/de\/blog\/ikp-news\/ki-pr-power-bei-ikp-wien-katharina-scheyerer-janda-ergaenzt-geschaeftsleitung\/#breadcrumb"},"inLanguage":"de","potentialAction":[{"@type":"ReadAction","target":["https:\/\/ikp.at\/de\/blog\/ikp-news\/ki-pr-power-bei-ikp-wien-katharina-scheyerer-janda-ergaenzt-geschaeftsleitung\/"]}]},{"@type":"ImageObject","inLanguage":"de","@id":"https:\/\/ikp.at\/de\/blog\/ikp-news\/ki-pr-power-bei-ikp-wien-katharina-scheyerer-janda-ergaenzt-geschaeftsleitung\/#primaryimage","url":"https:\/\/ikp.at\/wp-content\/uploads\/2026\/01\/ikp_Blog_KSJ_Foto_\u00a9Belleandsass-scaled-e1768295434653.jpg","contentUrl":"https:\/\/ikp.at\/wp-content\/uploads\/2026\/01\/ikp_Blog_KSJ_Foto_\u00a9Belleandsass-scaled-e1768295434653.jpg","width":2560,"height":1493,"caption":"Katharina Scheyerer-Janda"},{"@type":"BreadcrumbList","@id":"https:\/\/ikp.at\/de\/blog\/ikp-news\/ki-pr-power-bei-ikp-wien-katharina-scheyerer-janda-ergaenzt-geschaeftsleitung\/#breadcrumb","itemListElement":[{"@type":"ListItem","position":1,"name":"Startseite","item":"https:\/\/ikp.at\/de\/"},{"@type":"ListItem","position":2,"name":"KI- &#038; PR-Power bei ikp Wien: Katharina Scheyerer-Janda erg\u00e4nzt Gesch\u00e4ftsleitung"}]},{"@type":"WebSite","@id":"https:\/\/ikp.at\/de\/#website","url":"https:\/\/ikp.at\/de\/","name":"ikp | PR Agentur \u00d6sterreich: Wien Salzburg Vorarlberg Graz","description":"","publisher":{"@id":"https:\/\/ikp.at\/de\/#organization"},"potentialAction":[{"@type":"SearchAction","target":{"@type":"EntryPoint","urlTemplate":"https:\/\/ikp.at\/de\/?s={search_term_string}"},"query-input":{"@type":"PropertyValueSpecification","valueRequired":true,"valueName":"search_term_string"}}],"inLanguage":"de"},{"@type":"Organization","@id":"https:\/\/ikp.at\/de\/#organization","name":"ikp | PR Agentur \u00d6sterreich: Wien Salzburg Vorarlberg Graz","url":"https:\/\/ikp.at\/de\/","logo":{"@type":"ImageObject","inLanguage":"de","@id":"https:\/\/ikp.at\/de\/#\/schema\/logo\/image\/","url":"https:\/\/ikp.at\/wp-content\/uploads\/2023\/03\/ikp-logo-yoast.jpg","contentUrl":"https:\/\/ikp.at\/wp-content\/uploads\/2023\/03\/ikp-logo-yoast.jpg","width":696,"height":696,"caption":"ikp | PR Agentur \u00d6sterreich: Wien Salzburg Vorarlberg Graz"},"image":{"@id":"https:\/\/ikp.at\/de\/#\/schema\/logo\/image\/"},"sameAs":["https:\/\/www.facebook.com\/ikp.PR","https:\/\/www.linkedin.com\/company\/ikp\/","https:\/\/www.instagram.com\/ikp_pr\/","https:\/\/www.tiktok.com\/@ikp.pr","https:\/\/www.youtube.com\/@ikpPRundLobbying"]},{"@type":"Person","@id":"https:\/\/ikp.at\/de\/#\/schema\/person\/8b56a52cf43ca5dc5bda3cbed12622b2","name":"ikp"}]}},"_links":{"self":[{"href":"https:\/\/ikp.at\/de\/wp-json\/wp\/v2\/posts\/20320","targetHints":{"allow":["GET"]}}],"collection":[{"href":"https:\/\/ikp.at\/de\/wp-json\/wp\/v2\/posts"}],"about":[{"href":"https:\/\/ikp.at\/de\/wp-json\/wp\/v2\/types\/post"}],"author":[{"embeddable":true,"href":"https:\/\/ikp.at\/de\/wp-json\/wp\/v2\/users\/7"}],"replies":[{"embeddable":true,"href":"https:\/\/ikp.at\/de\/wp-json\/wp\/v2\/comments?post=20320"}],"version-history":[{"count":2,"href":"https:\/\/ikp.at\/de\/wp-json\/wp\/v2\/posts\/20320\/revisions"}],"predecessor-version":[{"id":20324,"href":"https:\/\/ikp.at\/de\/wp-json\/wp\/v2\/posts\/20320\/revisions\/20324"}],"wp:featuredmedia":[{"embeddable":true,"href":"https:\/\/ikp.at\/de\/wp-json\/wp\/v2\/media\/20321"}],"wp:attachment":[{"href":"https:\/\/ikp.at\/de\/wp-json\/wp\/v2\/media?parent=20320"}],"wp:term":[{"taxonomy":"category","embeddable":true,"href":"https:\/\/ikp.at\/de\/wp-json\/wp\/v2\/categories?post=20320"},{"taxonomy":"post_tag","embeddable":true,"href":"https:\/\/ikp.at\/de\/wp-json\/wp\/v2\/tags?post=20320"}],"curies":[{"name":"wp","href":"https:\/\/api.w.org\/{rel}","templated":true}]}}