{"id":20344,"date":"2026-02-04T10:48:41","date_gmt":"2026-02-04T10:48:41","guid":{"rendered":"https:\/\/ikp.at\/?p=20344"},"modified":"2026-02-04T10:48:41","modified_gmt":"2026-02-04T10:48:41","slug":"ikp-wien-startet-mit-doppeltem-aufstieg-ins-jahr-2026","status":"publish","type":"post","link":"https:\/\/ikp.at\/de\/blog\/ikp-news\/ikp-wien-startet-mit-doppeltem-aufstieg-ins-jahr-2026\/","title":{"rendered":"ikp Wien startet mit doppeltem Aufstieg ins Jahr 2026"},"content":{"rendered":"<p><strong>Die Wiener PR-Agentur darf sich zum Jahreswechsel gleich doppelt freuen: Nadine Lehner (24) wird nach ihrem Start als Praktikantin 2023 und zwei Jahren als Junior Consultant nun Teil der Consultant-Riege und Lara Malena Fekete (24) darf ihr Know-how ab sofort als Social Media &amp; Junior Consultant in den Agenturalltag einbringen. <\/strong><strong>\u00a0<\/strong><\/p>\n<p><strong>Nadine Lehner<\/strong> startete ihren Werdegang bei ikp Wien bereits 2023 \u2013 damals als Trainee im Rahmen ihres Berufspraktikums im Bachelorstudium \u201eMarketing &amp; Kommunikation\u201c an der USTP \u2013 University of Applied Sciences St. P\u00f6lten. Nach weiteren Stationen als PR-Assistant und Junior Consultant sowie ihrem erfolgreichen Masterabschluss an der FHWien der WKW im Studiengang \u201eKommunikationsmanagement\u201c darf sie nun seit J\u00e4nner 2026 als Consultant unterst\u00fctzen. Sie betreut vor allem Kund*innen in den Branchen Gesundheit &amp; Pharma, aber auch Handel und IT. Dazu z\u00e4hlen etwa SeneCura, Synlab, sebamed, Cineplexx und Salesforce.<\/p>\n<p>Die Nieder\u00f6sterreicherin verf\u00fcgt \u00fcber Expertise im Verfassen unterschiedlichster Textsorten, im Projektmanagement sowie in der strategischen Beratung und der Social-Media-Betreuung diverser Kund*innen \u2013 mit besonderem Fokus auf LinkedIn. Aber auch im Corporate Publishing kann sie ihre Kenntnisse unter Beweis stellen. Agenturintern bringt sie im New-Business-Bereich frische Ideen und neue Impulse ein.<\/p>\n<p><strong>Lara Malena Fekete<\/strong> bereichert das ikp-Team seit 2024 mit ihrem Know-how im Bereich Social Media, Influencer Relations und Projektmanagement. Mit wertvollen Erfahrungen aus ihrem Bachelorstudium \u201eCorporate Communications\u201c an der FHWien der WKW stieg die geb\u00fcrtige Wienerin mit J\u00e4nner 2026 zum Social Media &amp; Junior Consultant auf. Ihre Kund*innen finden sich dabei vor allem im Bereich Markenartikel, Handel &amp; Tourismus wieder. So ist sie unter anderem f\u00fcr die Betreuung von Primark, FRoSTA, FH Joanneum und SeneCura mitverantwortlich. Auch intern versorgt sie ikp laufend mit aktuellen Trends und Social-Media-Content \u2013 hinter wie auch vor der Kamera \u2013 und ist Teil des ikp-Teams f\u00fcr Diversity, Equity, Inclusion &amp; Belonging.<\/p>\n<p>Um ihre Expertise in der Kommunikationswelt noch weiter zu sch\u00e4rfen, besucht die 24-J\u00e4hrige seit September das berufsbegleitende Masterstudium \u201eMarketing- &amp; Salesmanagement\u201c an der FHWien der WKW. Dort m\u00f6chte sie vor allem ihr Know-how in den bedeutungsvollen Themen Nachhaltigkeit, Digitales und KI vertiefen und ihr Wissen zur datengest\u00fctzten Kommunikation ausbauen.<\/p>\n<p>&nbsp;<\/p>\n<p>Sie m\u00f6chten mehr \u00fcber das Team von ikp Wien wissen? Hier geht\u2019s zu den Portraits <a href=\"https:\/\/ikp.at\/de\/agentur\/wien\/\">ikp | PR Agentur Wien<\/a>.<\/p>\n<p>&nbsp;<\/p>\n","protected":false},"excerpt":{"rendered":"<p>Nadine Lehner wird Teil der Consultant-Riege und Lara Malena Fekete steigt zum Social Media &#038; Junior Consultant auf.<\/p>\n","protected":false},"author":7,"featured_media":20345,"comment_status":"closed","ping_status":"closed","sticky":false,"template":"","format":"standard","meta":{"_acf_changed":false,"footnotes":""},"categories":[1105],"tags":[443,60,78,44,924,81],"class_list":["post-20344","post","type-post","status-publish","format-standard","has-post-thumbnail","hentry","category-ikp-news","tag-consultant","tag-pr","tag-pr-agentur","tag-social-media","tag-team","tag-wien"],"acf":[],"yoast_head":"<!-- This site is optimized with the Yoast SEO plugin v27.2 - https:\/\/yoast.com\/product\/yoast-seo-wordpress\/ -->\n<title>ikp Wien startet mit doppeltem Aufstieg ins Jahr 2026 - ikp | PR Agentur \u00d6sterreich: Wien Salzburg Vorarlberg Graz<\/title>\n<meta name=\"description\" content=\"Nadine Lehner wird Teil der Consultant-Riege und Lara Malena Fekete steigt zum Social Media &amp; Junior Consultant auf.\" \/>\n<meta name=\"robots\" content=\"index, follow, max-snippet:-1, max-image-preview:large, max-video-preview:-1\" \/>\n<link rel=\"canonical\" href=\"https:\/\/ikp.at\/de\/blog\/ikp-news\/ikp-wien-startet-mit-doppeltem-aufstieg-ins-jahr-2026\/\" \/>\n<meta property=\"og:locale\" content=\"de_DE\" \/>\n<meta property=\"og:type\" content=\"article\" \/>\n<meta property=\"og:title\" content=\"ikp Wien startet mit doppeltem Aufstieg ins Jahr 2026 - ikp | PR Agentur \u00d6sterreich: Wien Salzburg Vorarlberg Graz\" \/>\n<meta property=\"og:description\" content=\"Nadine Lehner wird Teil der Consultant-Riege und Lara Malena Fekete steigt zum Social Media &amp; Junior Consultant auf.\" \/>\n<meta property=\"og:url\" content=\"https:\/\/ikp.at\/de\/blog\/ikp-news\/ikp-wien-startet-mit-doppeltem-aufstieg-ins-jahr-2026\/\" \/>\n<meta property=\"og:site_name\" content=\"ikp | PR Agentur \u00d6sterreich: Wien Salzburg Vorarlberg Graz\" \/>\n<meta property=\"article:publisher\" content=\"https:\/\/www.facebook.com\/ikp.PR\" \/>\n<meta property=\"article:published_time\" content=\"2026-02-04T10:48:41+00:00\" \/>\n<meta property=\"og:image\" content=\"https:\/\/ikp.at\/wp-content\/uploads\/2026\/02\/ikp_Blog_Aufstieg-FEK-LEH_Presse-1.jpg\" \/>\n\t<meta property=\"og:image:width\" content=\"1821\" \/>\n\t<meta property=\"og:image:height\" content=\"1214\" \/>\n\t<meta property=\"og:image:type\" content=\"image\/jpeg\" \/>\n<meta name=\"author\" content=\"ikp\" \/>\n<meta name=\"twitter:card\" content=\"summary_large_image\" \/>\n<meta name=\"twitter:label1\" content=\"Verfasst von\" \/>\n\t<meta name=\"twitter:data1\" content=\"ikp\" \/>\n\t<meta name=\"twitter:label2\" content=\"Gesch\u00e4tzte Lesezeit\" \/>\n\t<meta name=\"twitter:data2\" content=\"3\u00a0Minuten\" \/>\n<script type=\"application\/ld+json\" class=\"yoast-schema-graph\">{\"@context\":\"https:\/\/schema.org\",\"@graph\":[{\"@type\":\"Article\",\"@id\":\"https:\/\/ikp.at\/de\/blog\/ikp-news\/ikp-wien-startet-mit-doppeltem-aufstieg-ins-jahr-2026\/#article\",\"isPartOf\":{\"@id\":\"https:\/\/ikp.at\/de\/blog\/ikp-news\/ikp-wien-startet-mit-doppeltem-aufstieg-ins-jahr-2026\/\"},\"author\":{\"name\":\"ikp\",\"@id\":\"https:\/\/ikp.at\/de\/#\/schema\/person\/8b56a52cf43ca5dc5bda3cbed12622b2\"},\"headline\":\"ikp Wien startet mit doppeltem Aufstieg ins Jahr 2026\",\"datePublished\":\"2026-02-04T10:48:41+00:00\",\"mainEntityOfPage\":{\"@id\":\"https:\/\/ikp.at\/de\/blog\/ikp-news\/ikp-wien-startet-mit-doppeltem-aufstieg-ins-jahr-2026\/\"},\"wordCount\":378,\"publisher\":{\"@id\":\"https:\/\/ikp.at\/de\/#organization\"},\"image\":{\"@id\":\"https:\/\/ikp.at\/de\/blog\/ikp-news\/ikp-wien-startet-mit-doppeltem-aufstieg-ins-jahr-2026\/#primaryimage\"},\"thumbnailUrl\":\"https:\/\/ikp.at\/wp-content\/uploads\/2026\/02\/ikp_Blog_Aufstieg-FEK-LEH_Presse-1.jpg\",\"keywords\":[\"Consultant\",\"PR\",\"PR-Agentur\",\"Social Media\",\"Team\",\"Wien\"],\"articleSection\":[\"ikp News\"],\"inLanguage\":\"de\"},{\"@type\":\"WebPage\",\"@id\":\"https:\/\/ikp.at\/de\/blog\/ikp-news\/ikp-wien-startet-mit-doppeltem-aufstieg-ins-jahr-2026\/\",\"url\":\"https:\/\/ikp.at\/de\/blog\/ikp-news\/ikp-wien-startet-mit-doppeltem-aufstieg-ins-jahr-2026\/\",\"name\":\"ikp Wien startet mit doppeltem Aufstieg ins Jahr 2026 - ikp | PR Agentur \u00d6sterreich: Wien Salzburg Vorarlberg Graz\",\"isPartOf\":{\"@id\":\"https:\/\/ikp.at\/de\/#website\"},\"primaryImageOfPage\":{\"@id\":\"https:\/\/ikp.at\/de\/blog\/ikp-news\/ikp-wien-startet-mit-doppeltem-aufstieg-ins-jahr-2026\/#primaryimage\"},\"image\":{\"@id\":\"https:\/\/ikp.at\/de\/blog\/ikp-news\/ikp-wien-startet-mit-doppeltem-aufstieg-ins-jahr-2026\/#primaryimage\"},\"thumbnailUrl\":\"https:\/\/ikp.at\/wp-content\/uploads\/2026\/02\/ikp_Blog_Aufstieg-FEK-LEH_Presse-1.jpg\",\"datePublished\":\"2026-02-04T10:48:41+00:00\",\"description\":\"Nadine Lehner wird Teil der Consultant-Riege und Lara Malena Fekete steigt zum Social Media & Junior Consultant auf.\",\"breadcrumb\":{\"@id\":\"https:\/\/ikp.at\/de\/blog\/ikp-news\/ikp-wien-startet-mit-doppeltem-aufstieg-ins-jahr-2026\/#breadcrumb\"},\"inLanguage\":\"de\",\"potentialAction\":[{\"@type\":\"ReadAction\",\"target\":[\"https:\/\/ikp.at\/de\/blog\/ikp-news\/ikp-wien-startet-mit-doppeltem-aufstieg-ins-jahr-2026\/\"]}]},{\"@type\":\"ImageObject\",\"inLanguage\":\"de\",\"@id\":\"https:\/\/ikp.at\/de\/blog\/ikp-news\/ikp-wien-startet-mit-doppeltem-aufstieg-ins-jahr-2026\/#primaryimage\",\"url\":\"https:\/\/ikp.at\/wp-content\/uploads\/2026\/02\/ikp_Blog_Aufstieg-FEK-LEH_Presse-1.jpg\",\"contentUrl\":\"https:\/\/ikp.at\/wp-content\/uploads\/2026\/02\/ikp_Blog_Aufstieg-FEK-LEH_Presse-1.jpg\",\"width\":1821,\"height\":1214,\"caption\":\"Consultant\"},{\"@type\":\"BreadcrumbList\",\"@id\":\"https:\/\/ikp.at\/de\/blog\/ikp-news\/ikp-wien-startet-mit-doppeltem-aufstieg-ins-jahr-2026\/#breadcrumb\",\"itemListElement\":[{\"@type\":\"ListItem\",\"position\":1,\"name\":\"Startseite\",\"item\":\"https:\/\/ikp.at\/de\/\"},{\"@type\":\"ListItem\",\"position\":2,\"name\":\"ikp Wien startet mit doppeltem Aufstieg ins Jahr 2026\"}]},{\"@type\":\"WebSite\",\"@id\":\"https:\/\/ikp.at\/de\/#website\",\"url\":\"https:\/\/ikp.at\/de\/\",\"name\":\"ikp | PR Agentur \u00d6sterreich: Wien Salzburg Vorarlberg Graz\",\"description\":\"\",\"publisher\":{\"@id\":\"https:\/\/ikp.at\/de\/#organization\"},\"potentialAction\":[{\"@type\":\"SearchAction\",\"target\":{\"@type\":\"EntryPoint\",\"urlTemplate\":\"https:\/\/ikp.at\/de\/?s={search_term_string}\"},\"query-input\":{\"@type\":\"PropertyValueSpecification\",\"valueRequired\":true,\"valueName\":\"search_term_string\"}}],\"inLanguage\":\"de\"},{\"@type\":\"Organization\",\"@id\":\"https:\/\/ikp.at\/de\/#organization\",\"name\":\"ikp | PR Agentur \u00d6sterreich: Wien Salzburg Vorarlberg Graz\",\"url\":\"https:\/\/ikp.at\/de\/\",\"logo\":{\"@type\":\"ImageObject\",\"inLanguage\":\"de\",\"@id\":\"https:\/\/ikp.at\/de\/#\/schema\/logo\/image\/\",\"url\":\"https:\/\/ikp.at\/wp-content\/uploads\/2023\/03\/ikp-logo-yoast.jpg\",\"contentUrl\":\"https:\/\/ikp.at\/wp-content\/uploads\/2023\/03\/ikp-logo-yoast.jpg\",\"width\":696,\"height\":696,\"caption\":\"ikp | PR Agentur \u00d6sterreich: Wien Salzburg Vorarlberg Graz\"},\"image\":{\"@id\":\"https:\/\/ikp.at\/de\/#\/schema\/logo\/image\/\"},\"sameAs\":[\"https:\/\/www.facebook.com\/ikp.PR\",\"https:\/\/www.linkedin.com\/company\/ikp\/\",\"https:\/\/www.instagram.com\/ikp_pr\/\",\"https:\/\/www.tiktok.com\/@ikp.pr\",\"https:\/\/www.youtube.com\/@ikpPRundLobbying\"]},{\"@type\":\"Person\",\"@id\":\"https:\/\/ikp.at\/de\/#\/schema\/person\/8b56a52cf43ca5dc5bda3cbed12622b2\",\"name\":\"ikp\"}]}<\/script>\n<!-- \/ Yoast SEO plugin. -->","yoast_head_json":{"title":"ikp Wien startet mit doppeltem Aufstieg ins Jahr 2026 - ikp | PR Agentur \u00d6sterreich: Wien Salzburg Vorarlberg Graz","description":"Nadine Lehner wird Teil der Consultant-Riege und Lara Malena Fekete steigt zum Social Media & Junior Consultant auf.","robots":{"index":"index","follow":"follow","max-snippet":"max-snippet:-1","max-image-preview":"max-image-preview:large","max-video-preview":"max-video-preview:-1"},"canonical":"https:\/\/ikp.at\/de\/blog\/ikp-news\/ikp-wien-startet-mit-doppeltem-aufstieg-ins-jahr-2026\/","og_locale":"de_DE","og_type":"article","og_title":"ikp Wien startet mit doppeltem Aufstieg ins Jahr 2026 - ikp | PR Agentur \u00d6sterreich: Wien Salzburg Vorarlberg Graz","og_description":"Nadine Lehner wird Teil der Consultant-Riege und Lara Malena Fekete steigt zum Social Media & Junior Consultant auf.","og_url":"https:\/\/ikp.at\/de\/blog\/ikp-news\/ikp-wien-startet-mit-doppeltem-aufstieg-ins-jahr-2026\/","og_site_name":"ikp | PR Agentur \u00d6sterreich: Wien Salzburg Vorarlberg Graz","article_publisher":"https:\/\/www.facebook.com\/ikp.PR","article_published_time":"2026-02-04T10:48:41+00:00","og_image":[{"width":1821,"height":1214,"url":"https:\/\/ikp.at\/wp-content\/uploads\/2026\/02\/ikp_Blog_Aufstieg-FEK-LEH_Presse-1.jpg","type":"image\/jpeg"}],"author":"ikp","twitter_card":"summary_large_image","twitter_misc":{"Verfasst von":"ikp","Gesch\u00e4tzte Lesezeit":"3\u00a0Minuten"},"schema":{"@context":"https:\/\/schema.org","@graph":[{"@type":"Article","@id":"https:\/\/ikp.at\/de\/blog\/ikp-news\/ikp-wien-startet-mit-doppeltem-aufstieg-ins-jahr-2026\/#article","isPartOf":{"@id":"https:\/\/ikp.at\/de\/blog\/ikp-news\/ikp-wien-startet-mit-doppeltem-aufstieg-ins-jahr-2026\/"},"author":{"name":"ikp","@id":"https:\/\/ikp.at\/de\/#\/schema\/person\/8b56a52cf43ca5dc5bda3cbed12622b2"},"headline":"ikp Wien startet mit doppeltem Aufstieg ins Jahr 2026","datePublished":"2026-02-04T10:48:41+00:00","mainEntityOfPage":{"@id":"https:\/\/ikp.at\/de\/blog\/ikp-news\/ikp-wien-startet-mit-doppeltem-aufstieg-ins-jahr-2026\/"},"wordCount":378,"publisher":{"@id":"https:\/\/ikp.at\/de\/#organization"},"image":{"@id":"https:\/\/ikp.at\/de\/blog\/ikp-news\/ikp-wien-startet-mit-doppeltem-aufstieg-ins-jahr-2026\/#primaryimage"},"thumbnailUrl":"https:\/\/ikp.at\/wp-content\/uploads\/2026\/02\/ikp_Blog_Aufstieg-FEK-LEH_Presse-1.jpg","keywords":["Consultant","PR","PR-Agentur","Social Media","Team","Wien"],"articleSection":["ikp News"],"inLanguage":"de"},{"@type":"WebPage","@id":"https:\/\/ikp.at\/de\/blog\/ikp-news\/ikp-wien-startet-mit-doppeltem-aufstieg-ins-jahr-2026\/","url":"https:\/\/ikp.at\/de\/blog\/ikp-news\/ikp-wien-startet-mit-doppeltem-aufstieg-ins-jahr-2026\/","name":"ikp Wien startet mit doppeltem Aufstieg ins Jahr 2026 - ikp | PR Agentur \u00d6sterreich: Wien Salzburg Vorarlberg Graz","isPartOf":{"@id":"https:\/\/ikp.at\/de\/#website"},"primaryImageOfPage":{"@id":"https:\/\/ikp.at\/de\/blog\/ikp-news\/ikp-wien-startet-mit-doppeltem-aufstieg-ins-jahr-2026\/#primaryimage"},"image":{"@id":"https:\/\/ikp.at\/de\/blog\/ikp-news\/ikp-wien-startet-mit-doppeltem-aufstieg-ins-jahr-2026\/#primaryimage"},"thumbnailUrl":"https:\/\/ikp.at\/wp-content\/uploads\/2026\/02\/ikp_Blog_Aufstieg-FEK-LEH_Presse-1.jpg","datePublished":"2026-02-04T10:48:41+00:00","description":"Nadine Lehner wird Teil der Consultant-Riege und Lara Malena Fekete steigt zum Social Media & Junior Consultant auf.","breadcrumb":{"@id":"https:\/\/ikp.at\/de\/blog\/ikp-news\/ikp-wien-startet-mit-doppeltem-aufstieg-ins-jahr-2026\/#breadcrumb"},"inLanguage":"de","potentialAction":[{"@type":"ReadAction","target":["https:\/\/ikp.at\/de\/blog\/ikp-news\/ikp-wien-startet-mit-doppeltem-aufstieg-ins-jahr-2026\/"]}]},{"@type":"ImageObject","inLanguage":"de","@id":"https:\/\/ikp.at\/de\/blog\/ikp-news\/ikp-wien-startet-mit-doppeltem-aufstieg-ins-jahr-2026\/#primaryimage","url":"https:\/\/ikp.at\/wp-content\/uploads\/2026\/02\/ikp_Blog_Aufstieg-FEK-LEH_Presse-1.jpg","contentUrl":"https:\/\/ikp.at\/wp-content\/uploads\/2026\/02\/ikp_Blog_Aufstieg-FEK-LEH_Presse-1.jpg","width":1821,"height":1214,"caption":"Consultant"},{"@type":"BreadcrumbList","@id":"https:\/\/ikp.at\/de\/blog\/ikp-news\/ikp-wien-startet-mit-doppeltem-aufstieg-ins-jahr-2026\/#breadcrumb","itemListElement":[{"@type":"ListItem","position":1,"name":"Startseite","item":"https:\/\/ikp.at\/de\/"},{"@type":"ListItem","position":2,"name":"ikp Wien startet mit doppeltem Aufstieg ins Jahr 2026"}]},{"@type":"WebSite","@id":"https:\/\/ikp.at\/de\/#website","url":"https:\/\/ikp.at\/de\/","name":"ikp | PR Agentur \u00d6sterreich: Wien Salzburg Vorarlberg Graz","description":"","publisher":{"@id":"https:\/\/ikp.at\/de\/#organization"},"potentialAction":[{"@type":"SearchAction","target":{"@type":"EntryPoint","urlTemplate":"https:\/\/ikp.at\/de\/?s={search_term_string}"},"query-input":{"@type":"PropertyValueSpecification","valueRequired":true,"valueName":"search_term_string"}}],"inLanguage":"de"},{"@type":"Organization","@id":"https:\/\/ikp.at\/de\/#organization","name":"ikp | PR Agentur \u00d6sterreich: Wien Salzburg Vorarlberg Graz","url":"https:\/\/ikp.at\/de\/","logo":{"@type":"ImageObject","inLanguage":"de","@id":"https:\/\/ikp.at\/de\/#\/schema\/logo\/image\/","url":"https:\/\/ikp.at\/wp-content\/uploads\/2023\/03\/ikp-logo-yoast.jpg","contentUrl":"https:\/\/ikp.at\/wp-content\/uploads\/2023\/03\/ikp-logo-yoast.jpg","width":696,"height":696,"caption":"ikp | PR Agentur \u00d6sterreich: Wien Salzburg Vorarlberg Graz"},"image":{"@id":"https:\/\/ikp.at\/de\/#\/schema\/logo\/image\/"},"sameAs":["https:\/\/www.facebook.com\/ikp.PR","https:\/\/www.linkedin.com\/company\/ikp\/","https:\/\/www.instagram.com\/ikp_pr\/","https:\/\/www.tiktok.com\/@ikp.pr","https:\/\/www.youtube.com\/@ikpPRundLobbying"]},{"@type":"Person","@id":"https:\/\/ikp.at\/de\/#\/schema\/person\/8b56a52cf43ca5dc5bda3cbed12622b2","name":"ikp"}]}},"_links":{"self":[{"href":"https:\/\/ikp.at\/de\/wp-json\/wp\/v2\/posts\/20344","targetHints":{"allow":["GET"]}}],"collection":[{"href":"https:\/\/ikp.at\/de\/wp-json\/wp\/v2\/posts"}],"about":[{"href":"https:\/\/ikp.at\/de\/wp-json\/wp\/v2\/types\/post"}],"author":[{"embeddable":true,"href":"https:\/\/ikp.at\/de\/wp-json\/wp\/v2\/users\/7"}],"replies":[{"embeddable":true,"href":"https:\/\/ikp.at\/de\/wp-json\/wp\/v2\/comments?post=20344"}],"version-history":[{"count":1,"href":"https:\/\/ikp.at\/de\/wp-json\/wp\/v2\/posts\/20344\/revisions"}],"predecessor-version":[{"id":20347,"href":"https:\/\/ikp.at\/de\/wp-json\/wp\/v2\/posts\/20344\/revisions\/20347"}],"wp:featuredmedia":[{"embeddable":true,"href":"https:\/\/ikp.at\/de\/wp-json\/wp\/v2\/media\/20345"}],"wp:attachment":[{"href":"https:\/\/ikp.at\/de\/wp-json\/wp\/v2\/media?parent=20344"}],"wp:term":[{"taxonomy":"category","embeddable":true,"href":"https:\/\/ikp.at\/de\/wp-json\/wp\/v2\/categories?post=20344"},{"taxonomy":"post_tag","embeddable":true,"href":"https:\/\/ikp.at\/de\/wp-json\/wp\/v2\/tags?post=20344"}],"curies":[{"name":"wp","href":"https:\/\/api.w.org\/{rel}","templated":true}]}}