{"id":20659,"date":"2026-04-27T18:57:13","date_gmt":"2026-04-27T18:57:13","guid":{"rendered":"https:\/\/ikp.at\/?p=20659"},"modified":"2026-04-28T06:09:47","modified_gmt":"2026-04-28T06:09:47","slug":"warum-kommunikation-gerade-jetzt-kein-sparposten-ist","status":"publish","type":"post","link":"https:\/\/ikp.at\/de\/blog\/unkategorisiert\/warum-kommunikation-gerade-jetzt-kein-sparposten-ist\/","title":{"rendered":"Warum Kommunikation gerade jetzt kein Sparposten ist"},"content":{"rendered":"<p>Wenn der wirtschaftliche Druck steigt, geraten Marketing und Kommunikationsausgaben oft fr\u00fch unter Rechtfertigungsdruck. Der Reflex ist nachvollziehbar: Ums\u00e4tze sind unsicher, Investitionen werden \u00fcberpr\u00fcft, Budgets mit weniger unmittelbar sichtbarer Wirkung besonders kritisch hinterfragt. Strategisch kann genau das jedoch problematisch sein. Denn vieles spricht daf\u00fcr, dass Unternehmen gerade in wirtschaftlich schwierigen Zeiten nicht weniger, sondern gezieltere Kommunikation brauchen.<\/p>\n<h4>Kommunikation ist Teil der Marktposition<\/h4>\n<p>In angespannten Marktphasen reicht Pr\u00e4senz allein nicht aus. Unternehmen m\u00fcssen erkl\u00e4ren, wof\u00fcr sie stehen und warum man ihnen vertrauen sollte. Wer kommunikativ an Pr\u00e4senz verliert, verliert oft auch an Profil. Was kurzfristig entlastet, kann mittelfristig die Marktposition kosten. Entscheidend ist deshalb nicht, ob Unternehmen in unsicheren Zeiten kommunizieren sollten, sondern wie. Es geht nicht um blinden Aktionismus, sondern um fokussierte und glaubw\u00fcrdige Kommunikation.<\/p>\n<h4>Kommunikation schafft auch Stabilit\u00e4t im Umfeld<\/h4>\n<p>Sichtbare Kommunikation ist dabei nur ein Teil der Aufgabe. Auch Mitarbeitende, Partner:innen und bestehende Kund:innen beobachten genau, wie klar, verl\u00e4sslich und pr\u00e4sent ein Unternehmen auftritt. Wer sich kommunikativ stark zur\u00fcckzieht, riskiert deshalb nicht nur weniger Sichtbarkeit nach au\u00dfen, sondern auch Unsicherheit im eigenen Umfeld. Kontinuit\u00e4t in der Kommunikation kann Orientierung und Stabilit\u00e4t vermitteln.<\/p>\n<h4>Gerade wenn andere sparen, wird Kommunikation strategisch wertvoll<\/h4>\n<p>Besonders deutlich wird der Wert von Kommunikation im Verh\u00e4ltnis zum Marktumfeld. Wenn viele Unternehmen in wirtschaftlich schwierigen Zeiten ihre Aktivit\u00e4ten zur\u00fcckfahren, entsteht mehr Raum f\u00fcr jene Marken, die sichtbar und konsistent bleiben. Wer pr\u00e4sent bleibt, kann Themen besetzen und Profil aufbauen, w\u00e4hrend andere leiser werden.<\/p>\n<p>Genau darin liegt der antizyklische Wert von Kommunikation. Es geht nicht darum, in schwierigen Zeiten lauter zu werden. Es geht darum, nicht aus dem \u00f6ffentlichen Raum zu verschwinden, wenn Aufmerksamkeit neu verteilt wird. Wer dann verstummt, spart zwar kurzfristig Budget, gibt aber oft auch Relevanz auf und muss sie sp\u00e4ter mit h\u00f6herem Aufwand zur\u00fcckgewinnen.<\/p>\n<h4>Fazit<\/h4>\n<p>Wirtschaftlich schwierige Zeiten sind kein Argument gegen Kommunikation. Sie sind ein Argument f\u00fcr bessere Kommunikation. Wer gerade dann an PR und Marketing spart, spart oft am falschen Ende. Gerade weil viele Unternehmen in angespannten Situationen reflexartig zur\u00fcckfahren, kann es strategisch sinnvoll sein, kommunikativ pr\u00e4sent zu bleiben.<\/p>\n<p>&nbsp;<\/p>\n<p>Bild erstellt mit ChatGPT<\/p>\n","protected":false},"excerpt":{"rendered":"<p>Wenn der wirtschaftliche Druck steigt, geraten Marketing und Kommunikationsausgaben oft fr\u00fch unter Rechtfertigungsdruck. Der Reflex ist nachvollziehbar: Ums\u00e4tze sind unsicher, Investitionen werden \u00fcberpr\u00fcft, Budgets mit weniger unmittelbar sichtbarer Wirkung besonders kritisch hinterfragt. Strategisch kann genau das jedoch problematisch sein. Denn vieles spricht daf\u00fcr, dass Unternehmen gerade in wirtschaftlich schwierigen Zeiten nicht weniger, sondern gezieltere Kommunikation brauchen. Kommunikation ist Teil der Marktposition In angespannten Marktphasen reicht Pr\u00e4senz allein nicht aus. Unternehmen m\u00fcssen erkl\u00e4ren, wof\u00fcr sie stehen und warum man ihnen vertrauen sollte. Wer kommunikativ an Pr\u00e4senz verliert, verliert oft auch an Profil. Was kurzfristig entlastet, kann mittelfristig die Marktposition kosten. Entscheidend&#8230;<\/p>\n","protected":false},"author":102,"featured_media":20660,"comment_status":"closed","ping_status":"closed","sticky":false,"template":"","format":"standard","meta":{"_acf_changed":false,"footnotes":""},"categories":[1],"tags":[1463,440],"class_list":["post-20659","post","type-post","status-publish","format-standard","has-post-thumbnail","hentry","category-unkategorisiert","tag-budget","tag-krise"],"acf":[],"yoast_head":"<!-- This site is optimized with the Yoast SEO plugin v27.2 - https:\/\/yoast.com\/product\/yoast-seo-wordpress\/ -->\n<title>Warum Kommunikation gerade jetzt kein Sparposten ist - ikp | PR Agentur \u00d6sterreich: Wien Salzburg Vorarlberg Graz<\/title>\n<meta name=\"robots\" content=\"index, follow, max-snippet:-1, max-image-preview:large, max-video-preview:-1\" \/>\n<link rel=\"canonical\" href=\"https:\/\/ikp.at\/de\/blog\/unkategorisiert\/warum-kommunikation-gerade-jetzt-kein-sparposten-ist\/\" \/>\n<meta property=\"og:locale\" content=\"de_DE\" \/>\n<meta property=\"og:type\" content=\"article\" \/>\n<meta property=\"og:title\" content=\"Warum Kommunikation gerade jetzt kein Sparposten ist - ikp | PR Agentur \u00d6sterreich: Wien Salzburg Vorarlberg Graz\" \/>\n<meta property=\"og:description\" content=\"Wenn der wirtschaftliche Druck steigt, geraten Marketing und Kommunikationsausgaben oft fr\u00fch unter Rechtfertigungsdruck. Der Reflex ist nachvollziehbar: Ums\u00e4tze sind unsicher, Investitionen werden \u00fcberpr\u00fcft, Budgets mit weniger unmittelbar sichtbarer Wirkung besonders kritisch hinterfragt. Strategisch kann genau das jedoch problematisch sein. Denn vieles spricht daf\u00fcr, dass Unternehmen gerade in wirtschaftlich schwierigen Zeiten nicht weniger, sondern gezieltere Kommunikation brauchen. Kommunikation ist Teil der Marktposition In angespannten Marktphasen reicht Pr\u00e4senz allein nicht aus. Unternehmen m\u00fcssen erkl\u00e4ren, wof\u00fcr sie stehen und warum man ihnen vertrauen sollte. Wer kommunikativ an Pr\u00e4senz verliert, verliert oft auch an Profil. Was kurzfristig entlastet, kann mittelfristig die Marktposition kosten. Entscheidend...\" \/>\n<meta property=\"og:url\" content=\"https:\/\/ikp.at\/de\/blog\/unkategorisiert\/warum-kommunikation-gerade-jetzt-kein-sparposten-ist\/\" \/>\n<meta property=\"og:site_name\" content=\"ikp | PR Agentur \u00d6sterreich: Wien Salzburg Vorarlberg Graz\" \/>\n<meta property=\"article:publisher\" content=\"https:\/\/www.facebook.com\/ikp.PR\" \/>\n<meta property=\"article:published_time\" content=\"2026-04-27T18:57:13+00:00\" \/>\n<meta property=\"article:modified_time\" content=\"2026-04-28T06:09:47+00:00\" \/>\n<meta property=\"og:image\" content=\"https:\/\/ikp.at\/wp-content\/uploads\/2026\/04\/Image-2-kommunizieren-in-wirtschafltich-schweren-Zeiten.png\" \/>\n\t<meta property=\"og:image:width\" content=\"1448\" \/>\n\t<meta property=\"og:image:height\" content=\"1086\" \/>\n\t<meta property=\"og:image:type\" content=\"image\/png\" \/>\n<meta name=\"author\" content=\"Sebastian Gebhard\" \/>\n<meta name=\"twitter:card\" content=\"summary_large_image\" \/>\n<meta name=\"twitter:label1\" content=\"Verfasst von\" \/>\n\t<meta name=\"twitter:data1\" content=\"Sebastian Gebhard\" \/>\n\t<meta name=\"twitter:label2\" content=\"Gesch\u00e4tzte Lesezeit\" \/>\n\t<meta name=\"twitter:data2\" content=\"3\u00a0Minuten\" \/>\n<script type=\"application\/ld+json\" class=\"yoast-schema-graph\">{\"@context\":\"https:\/\/schema.org\",\"@graph\":[{\"@type\":\"Article\",\"@id\":\"https:\/\/ikp.at\/de\/blog\/unkategorisiert\/warum-kommunikation-gerade-jetzt-kein-sparposten-ist\/#article\",\"isPartOf\":{\"@id\":\"https:\/\/ikp.at\/de\/blog\/unkategorisiert\/warum-kommunikation-gerade-jetzt-kein-sparposten-ist\/\"},\"author\":{\"name\":\"Sebastian Gebhard\",\"@id\":\"https:\/\/ikp.at\/de\/#\/schema\/person\/10f857845f108ddf28a97f0e2485d5e5\"},\"headline\":\"Warum Kommunikation gerade jetzt kein Sparposten ist\",\"datePublished\":\"2026-04-27T18:57:13+00:00\",\"dateModified\":\"2026-04-28T06:09:47+00:00\",\"mainEntityOfPage\":{\"@id\":\"https:\/\/ikp.at\/de\/blog\/unkategorisiert\/warum-kommunikation-gerade-jetzt-kein-sparposten-ist\/\"},\"wordCount\":380,\"publisher\":{\"@id\":\"https:\/\/ikp.at\/de\/#organization\"},\"image\":{\"@id\":\"https:\/\/ikp.at\/de\/blog\/unkategorisiert\/warum-kommunikation-gerade-jetzt-kein-sparposten-ist\/#primaryimage\"},\"thumbnailUrl\":\"https:\/\/ikp.at\/wp-content\/uploads\/2026\/04\/Image-2-kommunizieren-in-wirtschafltich-schweren-Zeiten.png\",\"keywords\":[\"Budget\",\"Krise\"],\"articleSection\":[\"Unkategorisiert\"],\"inLanguage\":\"de\"},{\"@type\":\"WebPage\",\"@id\":\"https:\/\/ikp.at\/de\/blog\/unkategorisiert\/warum-kommunikation-gerade-jetzt-kein-sparposten-ist\/\",\"url\":\"https:\/\/ikp.at\/de\/blog\/unkategorisiert\/warum-kommunikation-gerade-jetzt-kein-sparposten-ist\/\",\"name\":\"Warum Kommunikation gerade jetzt kein Sparposten ist - ikp | PR Agentur \u00d6sterreich: Wien Salzburg Vorarlberg Graz\",\"isPartOf\":{\"@id\":\"https:\/\/ikp.at\/de\/#website\"},\"primaryImageOfPage\":{\"@id\":\"https:\/\/ikp.at\/de\/blog\/unkategorisiert\/warum-kommunikation-gerade-jetzt-kein-sparposten-ist\/#primaryimage\"},\"image\":{\"@id\":\"https:\/\/ikp.at\/de\/blog\/unkategorisiert\/warum-kommunikation-gerade-jetzt-kein-sparposten-ist\/#primaryimage\"},\"thumbnailUrl\":\"https:\/\/ikp.at\/wp-content\/uploads\/2026\/04\/Image-2-kommunizieren-in-wirtschafltich-schweren-Zeiten.png\",\"datePublished\":\"2026-04-27T18:57:13+00:00\",\"dateModified\":\"2026-04-28T06:09:47+00:00\",\"breadcrumb\":{\"@id\":\"https:\/\/ikp.at\/de\/blog\/unkategorisiert\/warum-kommunikation-gerade-jetzt-kein-sparposten-ist\/#breadcrumb\"},\"inLanguage\":\"de\",\"potentialAction\":[{\"@type\":\"ReadAction\",\"target\":[\"https:\/\/ikp.at\/de\/blog\/unkategorisiert\/warum-kommunikation-gerade-jetzt-kein-sparposten-ist\/\"]}]},{\"@type\":\"ImageObject\",\"inLanguage\":\"de\",\"@id\":\"https:\/\/ikp.at\/de\/blog\/unkategorisiert\/warum-kommunikation-gerade-jetzt-kein-sparposten-ist\/#primaryimage\",\"url\":\"https:\/\/ikp.at\/wp-content\/uploads\/2026\/04\/Image-2-kommunizieren-in-wirtschafltich-schweren-Zeiten.png\",\"contentUrl\":\"https:\/\/ikp.at\/wp-content\/uploads\/2026\/04\/Image-2-kommunizieren-in-wirtschafltich-schweren-Zeiten.png\",\"width\":1448,\"height\":1086},{\"@type\":\"BreadcrumbList\",\"@id\":\"https:\/\/ikp.at\/de\/blog\/unkategorisiert\/warum-kommunikation-gerade-jetzt-kein-sparposten-ist\/#breadcrumb\",\"itemListElement\":[{\"@type\":\"ListItem\",\"position\":1,\"name\":\"Startseite\",\"item\":\"https:\/\/ikp.at\/de\/\"},{\"@type\":\"ListItem\",\"position\":2,\"name\":\"Warum Kommunikation gerade jetzt kein Sparposten ist\"}]},{\"@type\":\"WebSite\",\"@id\":\"https:\/\/ikp.at\/de\/#website\",\"url\":\"https:\/\/ikp.at\/de\/\",\"name\":\"ikp | PR Agentur \u00d6sterreich: Wien Salzburg Vorarlberg Graz\",\"description\":\"\",\"publisher\":{\"@id\":\"https:\/\/ikp.at\/de\/#organization\"},\"potentialAction\":[{\"@type\":\"SearchAction\",\"target\":{\"@type\":\"EntryPoint\",\"urlTemplate\":\"https:\/\/ikp.at\/de\/?s={search_term_string}\"},\"query-input\":{\"@type\":\"PropertyValueSpecification\",\"valueRequired\":true,\"valueName\":\"search_term_string\"}}],\"inLanguage\":\"de\"},{\"@type\":\"Organization\",\"@id\":\"https:\/\/ikp.at\/de\/#organization\",\"name\":\"ikp | PR Agentur \u00d6sterreich: Wien Salzburg Vorarlberg Graz\",\"url\":\"https:\/\/ikp.at\/de\/\",\"logo\":{\"@type\":\"ImageObject\",\"inLanguage\":\"de\",\"@id\":\"https:\/\/ikp.at\/de\/#\/schema\/logo\/image\/\",\"url\":\"https:\/\/ikp.at\/wp-content\/uploads\/2023\/03\/ikp-logo-yoast.jpg\",\"contentUrl\":\"https:\/\/ikp.at\/wp-content\/uploads\/2023\/03\/ikp-logo-yoast.jpg\",\"width\":696,\"height\":696,\"caption\":\"ikp | PR Agentur \u00d6sterreich: Wien Salzburg Vorarlberg Graz\"},\"image\":{\"@id\":\"https:\/\/ikp.at\/de\/#\/schema\/logo\/image\/\"},\"sameAs\":[\"https:\/\/www.facebook.com\/ikp.PR\",\"https:\/\/www.linkedin.com\/company\/ikp\/\",\"https:\/\/www.instagram.com\/ikp_pr\/\",\"https:\/\/www.tiktok.com\/@ikp.pr\",\"https:\/\/www.youtube.com\/@ikpPRundLobbying\"]},{\"@type\":\"Person\",\"@id\":\"https:\/\/ikp.at\/de\/#\/schema\/person\/10f857845f108ddf28a97f0e2485d5e5\",\"name\":\"Sebastian Gebhard\"}]}<\/script>\n<!-- \/ Yoast SEO plugin. -->","yoast_head_json":{"title":"Warum Kommunikation gerade jetzt kein Sparposten ist - ikp | PR Agentur \u00d6sterreich: Wien Salzburg Vorarlberg Graz","robots":{"index":"index","follow":"follow","max-snippet":"max-snippet:-1","max-image-preview":"max-image-preview:large","max-video-preview":"max-video-preview:-1"},"canonical":"https:\/\/ikp.at\/de\/blog\/unkategorisiert\/warum-kommunikation-gerade-jetzt-kein-sparposten-ist\/","og_locale":"de_DE","og_type":"article","og_title":"Warum Kommunikation gerade jetzt kein Sparposten ist - ikp | PR Agentur \u00d6sterreich: Wien Salzburg Vorarlberg Graz","og_description":"Wenn der wirtschaftliche Druck steigt, geraten Marketing und Kommunikationsausgaben oft fr\u00fch unter Rechtfertigungsdruck. Der Reflex ist nachvollziehbar: Ums\u00e4tze sind unsicher, Investitionen werden \u00fcberpr\u00fcft, Budgets mit weniger unmittelbar sichtbarer Wirkung besonders kritisch hinterfragt. Strategisch kann genau das jedoch problematisch sein. Denn vieles spricht daf\u00fcr, dass Unternehmen gerade in wirtschaftlich schwierigen Zeiten nicht weniger, sondern gezieltere Kommunikation brauchen. Kommunikation ist Teil der Marktposition In angespannten Marktphasen reicht Pr\u00e4senz allein nicht aus. Unternehmen m\u00fcssen erkl\u00e4ren, wof\u00fcr sie stehen und warum man ihnen vertrauen sollte. Wer kommunikativ an Pr\u00e4senz verliert, verliert oft auch an Profil. Was kurzfristig entlastet, kann mittelfristig die Marktposition kosten. Entscheidend...","og_url":"https:\/\/ikp.at\/de\/blog\/unkategorisiert\/warum-kommunikation-gerade-jetzt-kein-sparposten-ist\/","og_site_name":"ikp | PR Agentur \u00d6sterreich: Wien Salzburg Vorarlberg Graz","article_publisher":"https:\/\/www.facebook.com\/ikp.PR","article_published_time":"2026-04-27T18:57:13+00:00","article_modified_time":"2026-04-28T06:09:47+00:00","og_image":[{"width":1448,"height":1086,"url":"https:\/\/ikp.at\/wp-content\/uploads\/2026\/04\/Image-2-kommunizieren-in-wirtschafltich-schweren-Zeiten.png","type":"image\/png"}],"author":"Sebastian Gebhard","twitter_card":"summary_large_image","twitter_misc":{"Verfasst von":"Sebastian Gebhard","Gesch\u00e4tzte Lesezeit":"3\u00a0Minuten"},"schema":{"@context":"https:\/\/schema.org","@graph":[{"@type":"Article","@id":"https:\/\/ikp.at\/de\/blog\/unkategorisiert\/warum-kommunikation-gerade-jetzt-kein-sparposten-ist\/#article","isPartOf":{"@id":"https:\/\/ikp.at\/de\/blog\/unkategorisiert\/warum-kommunikation-gerade-jetzt-kein-sparposten-ist\/"},"author":{"name":"Sebastian Gebhard","@id":"https:\/\/ikp.at\/de\/#\/schema\/person\/10f857845f108ddf28a97f0e2485d5e5"},"headline":"Warum Kommunikation gerade jetzt kein Sparposten ist","datePublished":"2026-04-27T18:57:13+00:00","dateModified":"2026-04-28T06:09:47+00:00","mainEntityOfPage":{"@id":"https:\/\/ikp.at\/de\/blog\/unkategorisiert\/warum-kommunikation-gerade-jetzt-kein-sparposten-ist\/"},"wordCount":380,"publisher":{"@id":"https:\/\/ikp.at\/de\/#organization"},"image":{"@id":"https:\/\/ikp.at\/de\/blog\/unkategorisiert\/warum-kommunikation-gerade-jetzt-kein-sparposten-ist\/#primaryimage"},"thumbnailUrl":"https:\/\/ikp.at\/wp-content\/uploads\/2026\/04\/Image-2-kommunizieren-in-wirtschafltich-schweren-Zeiten.png","keywords":["Budget","Krise"],"articleSection":["Unkategorisiert"],"inLanguage":"de"},{"@type":"WebPage","@id":"https:\/\/ikp.at\/de\/blog\/unkategorisiert\/warum-kommunikation-gerade-jetzt-kein-sparposten-ist\/","url":"https:\/\/ikp.at\/de\/blog\/unkategorisiert\/warum-kommunikation-gerade-jetzt-kein-sparposten-ist\/","name":"Warum Kommunikation gerade jetzt kein Sparposten ist - ikp | PR Agentur \u00d6sterreich: Wien Salzburg Vorarlberg Graz","isPartOf":{"@id":"https:\/\/ikp.at\/de\/#website"},"primaryImageOfPage":{"@id":"https:\/\/ikp.at\/de\/blog\/unkategorisiert\/warum-kommunikation-gerade-jetzt-kein-sparposten-ist\/#primaryimage"},"image":{"@id":"https:\/\/ikp.at\/de\/blog\/unkategorisiert\/warum-kommunikation-gerade-jetzt-kein-sparposten-ist\/#primaryimage"},"thumbnailUrl":"https:\/\/ikp.at\/wp-content\/uploads\/2026\/04\/Image-2-kommunizieren-in-wirtschafltich-schweren-Zeiten.png","datePublished":"2026-04-27T18:57:13+00:00","dateModified":"2026-04-28T06:09:47+00:00","breadcrumb":{"@id":"https:\/\/ikp.at\/de\/blog\/unkategorisiert\/warum-kommunikation-gerade-jetzt-kein-sparposten-ist\/#breadcrumb"},"inLanguage":"de","potentialAction":[{"@type":"ReadAction","target":["https:\/\/ikp.at\/de\/blog\/unkategorisiert\/warum-kommunikation-gerade-jetzt-kein-sparposten-ist\/"]}]},{"@type":"ImageObject","inLanguage":"de","@id":"https:\/\/ikp.at\/de\/blog\/unkategorisiert\/warum-kommunikation-gerade-jetzt-kein-sparposten-ist\/#primaryimage","url":"https:\/\/ikp.at\/wp-content\/uploads\/2026\/04\/Image-2-kommunizieren-in-wirtschafltich-schweren-Zeiten.png","contentUrl":"https:\/\/ikp.at\/wp-content\/uploads\/2026\/04\/Image-2-kommunizieren-in-wirtschafltich-schweren-Zeiten.png","width":1448,"height":1086},{"@type":"BreadcrumbList","@id":"https:\/\/ikp.at\/de\/blog\/unkategorisiert\/warum-kommunikation-gerade-jetzt-kein-sparposten-ist\/#breadcrumb","itemListElement":[{"@type":"ListItem","position":1,"name":"Startseite","item":"https:\/\/ikp.at\/de\/"},{"@type":"ListItem","position":2,"name":"Warum Kommunikation gerade jetzt kein Sparposten ist"}]},{"@type":"WebSite","@id":"https:\/\/ikp.at\/de\/#website","url":"https:\/\/ikp.at\/de\/","name":"ikp | PR Agentur \u00d6sterreich: Wien Salzburg Vorarlberg Graz","description":"","publisher":{"@id":"https:\/\/ikp.at\/de\/#organization"},"potentialAction":[{"@type":"SearchAction","target":{"@type":"EntryPoint","urlTemplate":"https:\/\/ikp.at\/de\/?s={search_term_string}"},"query-input":{"@type":"PropertyValueSpecification","valueRequired":true,"valueName":"search_term_string"}}],"inLanguage":"de"},{"@type":"Organization","@id":"https:\/\/ikp.at\/de\/#organization","name":"ikp | PR Agentur \u00d6sterreich: Wien Salzburg Vorarlberg Graz","url":"https:\/\/ikp.at\/de\/","logo":{"@type":"ImageObject","inLanguage":"de","@id":"https:\/\/ikp.at\/de\/#\/schema\/logo\/image\/","url":"https:\/\/ikp.at\/wp-content\/uploads\/2023\/03\/ikp-logo-yoast.jpg","contentUrl":"https:\/\/ikp.at\/wp-content\/uploads\/2023\/03\/ikp-logo-yoast.jpg","width":696,"height":696,"caption":"ikp | PR Agentur \u00d6sterreich: Wien Salzburg Vorarlberg Graz"},"image":{"@id":"https:\/\/ikp.at\/de\/#\/schema\/logo\/image\/"},"sameAs":["https:\/\/www.facebook.com\/ikp.PR","https:\/\/www.linkedin.com\/company\/ikp\/","https:\/\/www.instagram.com\/ikp_pr\/","https:\/\/www.tiktok.com\/@ikp.pr","https:\/\/www.youtube.com\/@ikpPRundLobbying"]},{"@type":"Person","@id":"https:\/\/ikp.at\/de\/#\/schema\/person\/10f857845f108ddf28a97f0e2485d5e5","name":"Sebastian Gebhard"}]}},"_links":{"self":[{"href":"https:\/\/ikp.at\/de\/wp-json\/wp\/v2\/posts\/20659","targetHints":{"allow":["GET"]}}],"collection":[{"href":"https:\/\/ikp.at\/de\/wp-json\/wp\/v2\/posts"}],"about":[{"href":"https:\/\/ikp.at\/de\/wp-json\/wp\/v2\/types\/post"}],"author":[{"embeddable":true,"href":"https:\/\/ikp.at\/de\/wp-json\/wp\/v2\/users\/102"}],"replies":[{"embeddable":true,"href":"https:\/\/ikp.at\/de\/wp-json\/wp\/v2\/comments?post=20659"}],"version-history":[{"count":1,"href":"https:\/\/ikp.at\/de\/wp-json\/wp\/v2\/posts\/20659\/revisions"}],"predecessor-version":[{"id":20662,"href":"https:\/\/ikp.at\/de\/wp-json\/wp\/v2\/posts\/20659\/revisions\/20662"}],"wp:featuredmedia":[{"embeddable":true,"href":"https:\/\/ikp.at\/de\/wp-json\/wp\/v2\/media\/20660"}],"wp:attachment":[{"href":"https:\/\/ikp.at\/de\/wp-json\/wp\/v2\/media?parent=20659"}],"wp:term":[{"taxonomy":"category","embeddable":true,"href":"https:\/\/ikp.at\/de\/wp-json\/wp\/v2\/categories?post=20659"},{"taxonomy":"post_tag","embeddable":true,"href":"https:\/\/ikp.at\/de\/wp-json\/wp\/v2\/tags?post=20659"}],"curies":[{"name":"wp","href":"https:\/\/api.w.org\/{rel}","templated":true}]}}