{"id":20987,"date":"2026-09-02T12:27:51","date_gmt":"2026-09-02T12:27:51","guid":{"rendered":"https:\/\/ikp.at\/?p=20987"},"modified":"2026-09-02T12:27:51","modified_gmt":"2026-09-02T12:27:51","slug":"martin-dechant-ueber-empco","status":"publish","type":"post","link":"https:\/\/ikp.at\/de\/blog\/know-how\/martin-dechant-ueber-empco\/","title":{"rendered":"Martin Dechant \u00fcber EmpCo: \u201eNur wer mit Fakten kommuniziert, gewinnt Vertrauen&#8220;"},"content":{"rendered":"<h4>Martin Dechant, Gesch\u00e4ftsf\u00fchrer von ikp Vorarlberg, ber\u00e4t mit seinem Team seit \u00fcber zwanzig Jahren Unternehmen in der strategischen Kommunikation \u2013 mit dem Grundsatz, dass die Kommunikation nur auf Basis belegbarer Fakten Vertrauen schafft. Ab Ende September gilt die EU-Richtlinie EmpCo, die Greenwashing in der Werbung einen Riegel vorschieben soll. Im Interview erkl\u00e4rt Dechant, was das konkret bedeutet.<\/h4>\n<p>&nbsp;<\/p>\n<h4>Was ver\u00e4ndert EmpCo ab 27. September 2026 konkret in Werbung und Unternehmenskommunikation?<\/h4>\n<p><strong>Martin Dechant:<\/strong> Im Kern geht es darum, dass Unternehmen pauschale Begriffe wie \u201eumweltfreundlich&#8220;, \u201enachhaltig&#8220; oder \u201eklimaneutral&#8220; nicht mehr einfach behaupten d\u00fcrfen. Sie m\u00fcssen belegbar sein. Auch Zukunftsversprechen wie \u201eklimaneutral bis 2030&#8243; brauchen konkrete, nachvollziehbare Ma\u00dfnahmen. Nachhaltigkeitssiegel d\u00fcrfen k\u00fcnftig nur noch verwendet werden, wenn sie auf anerkannten, unabh\u00e4ngigen Zertifizierungssystemen beruhen. Unverh\u00e4ltnism\u00e4\u00dfig hervorgehobene Vorteile oder unbelegte pauschale Aussagen werden verboten \u2013 das betrifft praktisch die gesamte B2C-Kommunikation, von der Website bis zur Verpackung. Wichtig f\u00fcr unsere Branche: Auch wenn EmpCo formal auf B2C zielt, strahlt sie in die Lieferkette aus. Macht ein Unternehmen eine Aussage, die ein Gesch\u00e4ftspartner sp\u00e4ter gegen\u00fcber Endkund*innen weiterverwendet, wandert das Risiko mit. Deshalb sollten k\u00fcnftig auch reine B2B-Aussagen belastbar sein.<\/p>\n<h4>Wo verl\u00e4uft bei Begriffen wie \u201egr\u00fcn&#8220;, \u201enachhaltig&#8220; oder \u201eklimafreundlich&#8220; die Grenze zur Irref\u00fchrung und welche Nachweise braucht es, bevor ein Umweltversprechen ver\u00f6ffentlicht werden darf?<\/h4>\n<p><strong>Martin Dechant:<\/strong> Es geht um Verh\u00e4ltnism\u00e4\u00dfigkeit und Transparenz. Ein Unternehmen darf durchaus auch \u00fcber kleine Ma\u00dfnahmen berichten, aber die Relevanz muss klar eingeordnet werden, im Verh\u00e4ltnis zum Gesamteinfluss inklusive Lieferkette. Bevor eine Aussage ver\u00f6ffentlicht wird, braucht es nachpr\u00fcfbare Grundlagen: Zahlen, Studien, anerkannte Zertifikate oder konkrete, terminierte Ma\u00dfnahmenpl\u00e4ne. Wer nicht zeigen kann, worauf eine Aussage beruht, sollte sie nicht kommunizieren.<\/p>\n<h4>Welche Verantwortung tragen Agenturen dabei und wann m\u00fcssen sie einen Auftrag ablehnen?<\/h4>\n<p><strong>Martin Dechant:<\/strong> Wir sehen uns nicht nur als Umsetzer, sondern als Berater, die auch mal bremsen m\u00fcssen. M\u00f6chte ein*e Kund*in eine Aussage kommunizieren, die sich nicht belegen l\u00e4sst, ist es unsere Aufgabe, das offen anzusprechen, notfalls auch die Formulierung oder das ganze Projekt abzulehnen. Wir wollen unsere Kund*innen nicht in eine Greenwashing-Falle laufen lassen.<\/p>\n<h4>ikp schult Unternehmen in der Vermeidung von Greenwashing. Welche Unsicherheiten begegnen Ihnen dabei besonders h\u00e4ufig?<\/h4>\n<p><strong>Martin Dechant:<\/strong> Vor allem Unsicherheit dar\u00fcber, was \u00fcberhaupt noch gesagt werden darf. Zwei unserer PR-Fachleute haben sich eigens als CSR-Expert*innen zertifizieren lassen und vertiefen dieses Wissen laufend \u2013 mit dem klaren Auftrag, Kund*innen aktiv vor irref\u00fchrenden Aussagen zu warnen. Im Grunde machen wir das aber schon lange, bevor es EmpCo gab: \u00dcbertreibung schadet mehr, als sie n\u00fctzt. Konkrete Verwarnungen wegen Greenwashing hatten unsere Kund*innen bislang nicht \u2013 aber die Verunsicherung, was k\u00fcnftig zul\u00e4ssig ist, ist sp\u00fcrbar gro\u00df.<\/p>\n<h4>Wie l\u00e4sst sich Greenhushing \u2013 also das Verschweigen von Nachhaltigkeitsfortschritten aus Angst vor Fehlern \u2013 vermeiden, und dennoch glaubw\u00fcrdig \u00fcber Fortschritte berichten?<\/h4>\n<p><strong>Martin Dechant:<\/strong> Jede Ma\u00dfnahme, die ein Schritt in die richtige Richtung ist, darf und soll kommuniziert werden. Entscheidend ist die Einordnung: Wer offen sagt \u201ehier stehen wir, das m\u00fcssen wir noch tun&#8220;, st\u00e4rkt Vertrauen und das ist am Ende die Basis f\u00fcr wirtschaftlichen Erfolg. Wer schweigt, obwohl bereits etwas passiert, riskiert, dass Spekulationen die L\u00fccke f\u00fcllen und die sind selten positiv.<\/p>\n<h4>Wo besteht vor Inkrafttreten der EmpCo-Regelungen der gr\u00f6\u00dfte Handlungsbedarf und wie sieht es mit Strafen bei Verst\u00f6\u00dfen aus?<\/h4>\n<p><strong>Martin Dechant:<\/strong> Zuerst sollte jedes Unternehmen seinen Handlungsbedarf in den Bereichen Umwelt, Soziales und Governance gesamthaft betrachten: von der Rohstoffgewinnung \u00fcber Produktion und Logistik bis zum Einsatz bei Endkund*innen. Daraus ergibt sich ein Gesamtbild, wo die gro\u00dfen Hebel liegen. Wir begleiten Unternehmen dabei gemeinsam mit spezialisierten Partnern, von regionalen Beratungen bis zu internationalen wie Ernst &amp; Young, um Impact und Potenzial zu analysieren und daraus eine Nachhaltigkeitsstrategie samt passender Kommunikation zu entwickeln. Aktuell sollten bestehende Claims, Verpackungen und Kommunikation auf EmpCo-Konformit\u00e4t gepr\u00fcft und wo n\u00f6tig angepasst werden. Dabei unterst\u00fctzen wir gerne. Denn die Vorgaben gelten ohne \u00dcbergangsfrist, auch f\u00fcr die bestehende Kommunikation. Und was Strafen betrifft: Verst\u00f6\u00dfe k\u00f6nnen auf unterschiedliche Weise geahndet werden, doch schon der damit meist verbundene Image- und Vertrauensverlust bei der Kundschaft ist f\u00fcr sich schon \u00e4u\u00dferst unwirtschaftlich.<\/p>\n<p><em>Lesen Sie au\u00dferdem:<\/em><\/p>\n<p><a href=\"https:\/\/ikp.at\/de\/blog\/know-how\/loyalitaet-kann-man-nicht-kaufen-aber-kultivieren\/\">Loyalit\u00e4t kann man nicht kaufen, aber kultivieren<\/a><\/p>\n<p><a href=\"https:\/\/ikp.at\/de\/blog\/know-how\/nachhaltigkeit-reporting-strategie\/\">Fokus Nachhaltigkeit: Reporting ist kein Selbstzweck, sondern Strategie<\/a><\/p>\n","protected":false},"excerpt":{"rendered":"<p>Martin Dechant, Gesch\u00e4ftsf\u00fchrer von ikp Vorarlberg, ber\u00e4t mit seinem Team seit \u00fcber zwanzig Jahren Unternehmen in der strategischen Kommunikation \u2013 mit dem Grundsatz, dass die Kommunikation nur auf Basis belegbarer Fakten Vertrauen schafft. Ab Ende September gilt die EU-Richtlinie EmpCo, die Greenwashing in der Werbung einen Riegel vorschieben soll. Im Interview erkl\u00e4rt Dechant, was das konkret bedeutet. &nbsp; Was ver\u00e4ndert EmpCo ab 27. September 2026 konkret in Werbung und Unternehmenskommunikation? Martin Dechant: Im Kern geht es darum, dass Unternehmen pauschale Begriffe wie \u201eumweltfreundlich&#8220;, \u201enachhaltig&#8220; oder \u201eklimaneutral&#8220; nicht mehr einfach behaupten d\u00fcrfen. Sie m\u00fcssen belegbar sein. Auch Zukunftsversprechen wie \u201eklimaneutral bis&#8230;<\/p>\n","protected":false},"author":92,"featured_media":20988,"comment_status":"closed","ping_status":"closed","sticky":false,"template":"","format":"standard","meta":{"_acf_changed":false,"footnotes":""},"categories":[4],"tags":[180,1765,1568,1563,1564,1476,70,411,413,579],"class_list":["post-20987","post","type-post","status-publish","format-standard","has-post-thumbnail","hentry","category-know-how","tag-csr","tag-empco","tag-esg","tag-green-claims-directive","tag-greenhushing","tag-greenwashing","tag-ikp","tag-ikp-vorarlberg","tag-martin-dechant","tag-nachhaltigkeit"],"acf":[],"yoast_head":"<!-- This site is optimized with the Yoast SEO plugin v28.3 - https:\/\/yoast.com\/product\/yoast-seo-wordpress\/ -->\n<title>Martin Dechant \u00fcber EmpCo: \u201eNur wer mit Fakten kommuniziert, gewinnt Vertrauen&quot; - ikp | PR Agentur \u00d6sterreich: Wien Salzburg Vorarlberg Graz<\/title>\n<meta name=\"description\" content=\"Ab September 2026 gilt die EU-Richtlinie EmpCo, die Greenwashing einen Riegel vorschieben soll. Im Interview spricht Martin Dechant.\" \/>\n<meta name=\"robots\" content=\"index, follow, max-snippet:-1, max-image-preview:large, max-video-preview:-1\" \/>\n<link rel=\"canonical\" href=\"https:\/\/ikp.at\/de\/blog\/know-how\/martin-dechant-ueber-empco\/\" \/>\n<meta property=\"og:locale\" content=\"de_DE\" \/>\n<meta property=\"og:type\" content=\"article\" \/>\n<meta property=\"og:title\" content=\"Martin Dechant \u00fcber EmpCo: \u201eNur wer mit Fakten kommuniziert, gewinnt Vertrauen&quot; - ikp | PR Agentur \u00d6sterreich: Wien Salzburg Vorarlberg Graz\" \/>\n<meta property=\"og:description\" content=\"Ab September 2026 gilt die EU-Richtlinie EmpCo, die Greenwashing einen Riegel vorschieben soll. Im Interview spricht Martin Dechant.\" \/>\n<meta property=\"og:url\" content=\"https:\/\/ikp.at\/de\/blog\/know-how\/martin-dechant-ueber-empco\/\" \/>\n<meta property=\"og:site_name\" content=\"ikp | PR Agentur \u00d6sterreich: Wien Salzburg Vorarlberg Graz\" \/>\n<meta property=\"article:publisher\" content=\"https:\/\/www.facebook.com\/ikp.PR\" \/>\n<meta property=\"article:published_time\" content=\"2026-09-02T12:27:51+00:00\" \/>\n<meta property=\"og:image\" content=\"https:\/\/ikp.at\/wp-content\/uploads\/2026\/09\/ikp-vorarlberg_MA_fs26-7-scaled.jpg\" \/>\n\t<meta property=\"og:image:width\" content=\"2560\" \/>\n\t<meta property=\"og:image:height\" content=\"1707\" \/>\n\t<meta property=\"og:image:type\" content=\"image\/jpeg\" \/>\n<meta name=\"author\" content=\"Phillip Plesch\" \/>\n<meta name=\"twitter:card\" content=\"summary_large_image\" \/>\n<meta name=\"twitter:label1\" content=\"Verfasst von\" \/>\n\t<meta name=\"twitter:data1\" content=\"Phillip Plesch\" \/>\n\t<meta name=\"twitter:label2\" content=\"Gesch\u00e4tzte Lesezeit\" \/>\n\t<meta name=\"twitter:data2\" content=\"4\u00a0Minuten\" \/>\n<script type=\"application\/ld+json\" class=\"yoast-schema-graph\">{\"@context\":\"https:\\\/\\\/schema.org\",\"@graph\":[{\"@type\":\"Article\",\"@id\":\"https:\\\/\\\/ikp.at\\\/de\\\/blog\\\/know-how\\\/martin-dechant-ueber-empco\\\/#article\",\"isPartOf\":{\"@id\":\"https:\\\/\\\/ikp.at\\\/de\\\/blog\\\/know-how\\\/martin-dechant-ueber-empco\\\/\"},\"author\":{\"name\":\"Phillip Plesch\",\"@id\":\"https:\\\/\\\/ikp.at\\\/de\\\/#\\\/schema\\\/person\\\/3e37ccd141c0625289b3febc9002fdf3\"},\"headline\":\"Martin Dechant \u00fcber EmpCo: \u201eNur wer mit Fakten kommuniziert, gewinnt Vertrauen&#8220;\",\"datePublished\":\"2026-09-02T12:27:51+00:00\",\"mainEntityOfPage\":{\"@id\":\"https:\\\/\\\/ikp.at\\\/de\\\/blog\\\/know-how\\\/martin-dechant-ueber-empco\\\/\"},\"wordCount\":749,\"publisher\":{\"@id\":\"https:\\\/\\\/ikp.at\\\/de\\\/#organization\"},\"image\":{\"@id\":\"https:\\\/\\\/ikp.at\\\/de\\\/blog\\\/know-how\\\/martin-dechant-ueber-empco\\\/#primaryimage\"},\"thumbnailUrl\":\"https:\\\/\\\/ikp.at\\\/wp-content\\\/uploads\\\/2026\\\/09\\\/ikp-vorarlberg_MA_fs26-7-scaled.jpg\",\"keywords\":[\"CSR\",\"EmpCo\",\"ESG\",\"Green Claims Directive\",\"Greenhushing\",\"Greenwashing\",\"ikp\",\"ikp Vorarlberg\",\"Martin Dechant\",\"Nachhaltigkeit\"],\"articleSection\":[\"Know-how\"],\"inLanguage\":\"de\"},{\"@type\":\"WebPage\",\"@id\":\"https:\\\/\\\/ikp.at\\\/de\\\/blog\\\/know-how\\\/martin-dechant-ueber-empco\\\/\",\"url\":\"https:\\\/\\\/ikp.at\\\/de\\\/blog\\\/know-how\\\/martin-dechant-ueber-empco\\\/\",\"name\":\"Martin Dechant \u00fcber EmpCo: \u201eNur wer mit Fakten kommuniziert, gewinnt Vertrauen\\\" - ikp | PR Agentur \u00d6sterreich: Wien Salzburg Vorarlberg Graz\",\"isPartOf\":{\"@id\":\"https:\\\/\\\/ikp.at\\\/de\\\/#website\"},\"primaryImageOfPage\":{\"@id\":\"https:\\\/\\\/ikp.at\\\/de\\\/blog\\\/know-how\\\/martin-dechant-ueber-empco\\\/#primaryimage\"},\"image\":{\"@id\":\"https:\\\/\\\/ikp.at\\\/de\\\/blog\\\/know-how\\\/martin-dechant-ueber-empco\\\/#primaryimage\"},\"thumbnailUrl\":\"https:\\\/\\\/ikp.at\\\/wp-content\\\/uploads\\\/2026\\\/09\\\/ikp-vorarlberg_MA_fs26-7-scaled.jpg\",\"datePublished\":\"2026-09-02T12:27:51+00:00\",\"description\":\"Ab September 2026 gilt die EU-Richtlinie EmpCo, die Greenwashing einen Riegel vorschieben soll. Im Interview spricht Martin Dechant.\",\"breadcrumb\":{\"@id\":\"https:\\\/\\\/ikp.at\\\/de\\\/blog\\\/know-how\\\/martin-dechant-ueber-empco\\\/#breadcrumb\"},\"inLanguage\":\"de\",\"potentialAction\":[{\"@type\":\"ReadAction\",\"target\":[\"https:\\\/\\\/ikp.at\\\/de\\\/blog\\\/know-how\\\/martin-dechant-ueber-empco\\\/\"]}]},{\"@type\":\"ImageObject\",\"inLanguage\":\"de\",\"@id\":\"https:\\\/\\\/ikp.at\\\/de\\\/blog\\\/know-how\\\/martin-dechant-ueber-empco\\\/#primaryimage\",\"url\":\"https:\\\/\\\/ikp.at\\\/wp-content\\\/uploads\\\/2026\\\/09\\\/ikp-vorarlberg_MA_fs26-7-scaled.jpg\",\"contentUrl\":\"https:\\\/\\\/ikp.at\\\/wp-content\\\/uploads\\\/2026\\\/09\\\/ikp-vorarlberg_MA_fs26-7-scaled.jpg\",\"width\":2560,\"height\":1707,\"caption\":\"Martin Dechant spricht \u00fcber EmpCo.\"},{\"@type\":\"BreadcrumbList\",\"@id\":\"https:\\\/\\\/ikp.at\\\/de\\\/blog\\\/know-how\\\/martin-dechant-ueber-empco\\\/#breadcrumb\",\"itemListElement\":[{\"@type\":\"ListItem\",\"position\":1,\"name\":\"Startseite\",\"item\":\"https:\\\/\\\/ikp.at\\\/de\\\/\"},{\"@type\":\"ListItem\",\"position\":2,\"name\":\"Martin Dechant \u00fcber EmpCo: \u201eNur wer mit Fakten kommuniziert, gewinnt Vertrauen&#8220;\"}]},{\"@type\":\"WebSite\",\"@id\":\"https:\\\/\\\/ikp.at\\\/de\\\/#website\",\"url\":\"https:\\\/\\\/ikp.at\\\/de\\\/\",\"name\":\"ikp | PR Agentur \u00d6sterreich: Wien Salzburg Vorarlberg Graz\",\"description\":\"\",\"publisher\":{\"@id\":\"https:\\\/\\\/ikp.at\\\/de\\\/#organization\"},\"potentialAction\":[{\"@type\":\"SearchAction\",\"target\":{\"@type\":\"EntryPoint\",\"urlTemplate\":\"https:\\\/\\\/ikp.at\\\/de\\\/?s={search_term_string}\"},\"query-input\":{\"@type\":\"PropertyValueSpecification\",\"valueRequired\":true,\"valueName\":\"search_term_string\"}}],\"inLanguage\":\"de\"},{\"@type\":\"Organization\",\"@id\":\"https:\\\/\\\/ikp.at\\\/de\\\/#organization\",\"name\":\"ikp | PR Agentur \u00d6sterreich: Wien Salzburg Vorarlberg Graz\",\"url\":\"https:\\\/\\\/ikp.at\\\/de\\\/\",\"logo\":{\"@type\":\"ImageObject\",\"inLanguage\":\"de\",\"@id\":\"https:\\\/\\\/ikp.at\\\/de\\\/#\\\/schema\\\/logo\\\/image\\\/\",\"url\":\"https:\\\/\\\/ikp.at\\\/wp-content\\\/uploads\\\/2023\\\/03\\\/ikp-logo-yoast.jpg\",\"contentUrl\":\"https:\\\/\\\/ikp.at\\\/wp-content\\\/uploads\\\/2023\\\/03\\\/ikp-logo-yoast.jpg\",\"width\":696,\"height\":696,\"caption\":\"ikp | PR Agentur \u00d6sterreich: Wien Salzburg Vorarlberg Graz\"},\"image\":{\"@id\":\"https:\\\/\\\/ikp.at\\\/de\\\/#\\\/schema\\\/logo\\\/image\\\/\"},\"sameAs\":[\"https:\\\/\\\/www.facebook.com\\\/ikp.PR\",\"https:\\\/\\\/www.linkedin.com\\\/company\\\/ikp\\\/\",\"https:\\\/\\\/www.instagram.com\\\/ikp_pr\\\/\",\"https:\\\/\\\/www.tiktok.com\\\/@ikp.pr\",\"https:\\\/\\\/www.youtube.com\\\/@ikpPRundLobbying\"]},{\"@type\":\"Person\",\"@id\":\"https:\\\/\\\/ikp.at\\\/de\\\/#\\\/schema\\\/person\\\/3e37ccd141c0625289b3febc9002fdf3\",\"name\":\"Phillip Plesch\"}]}<\/script>\n<!-- \/ Yoast SEO plugin. -->","yoast_head_json":{"title":"Martin Dechant \u00fcber EmpCo: \u201eNur wer mit Fakten kommuniziert, gewinnt Vertrauen\" - ikp | PR Agentur \u00d6sterreich: Wien Salzburg Vorarlberg Graz","description":"Ab September 2026 gilt die EU-Richtlinie EmpCo, die Greenwashing einen Riegel vorschieben soll. Im Interview spricht Martin Dechant.","robots":{"index":"index","follow":"follow","max-snippet":"max-snippet:-1","max-image-preview":"max-image-preview:large","max-video-preview":"max-video-preview:-1"},"canonical":"https:\/\/ikp.at\/de\/blog\/know-how\/martin-dechant-ueber-empco\/","og_locale":"de_DE","og_type":"article","og_title":"Martin Dechant \u00fcber EmpCo: \u201eNur wer mit Fakten kommuniziert, gewinnt Vertrauen\" - ikp | PR Agentur \u00d6sterreich: Wien Salzburg Vorarlberg Graz","og_description":"Ab September 2026 gilt die EU-Richtlinie EmpCo, die Greenwashing einen Riegel vorschieben soll. Im Interview spricht Martin Dechant.","og_url":"https:\/\/ikp.at\/de\/blog\/know-how\/martin-dechant-ueber-empco\/","og_site_name":"ikp | PR Agentur \u00d6sterreich: Wien Salzburg Vorarlberg Graz","article_publisher":"https:\/\/www.facebook.com\/ikp.PR","article_published_time":"2026-09-02T12:27:51+00:00","og_image":[{"width":2560,"height":1707,"url":"https:\/\/ikp.at\/wp-content\/uploads\/2026\/09\/ikp-vorarlberg_MA_fs26-7-scaled.jpg","type":"image\/jpeg"}],"author":"Phillip Plesch","twitter_card":"summary_large_image","twitter_misc":{"Verfasst von":"Phillip Plesch","Gesch\u00e4tzte Lesezeit":"4\u00a0Minuten"},"schema":{"@context":"https:\/\/schema.org","@graph":[{"@type":"Article","@id":"https:\/\/ikp.at\/de\/blog\/know-how\/martin-dechant-ueber-empco\/#article","isPartOf":{"@id":"https:\/\/ikp.at\/de\/blog\/know-how\/martin-dechant-ueber-empco\/"},"author":{"name":"Phillip Plesch","@id":"https:\/\/ikp.at\/de\/#\/schema\/person\/3e37ccd141c0625289b3febc9002fdf3"},"headline":"Martin Dechant \u00fcber EmpCo: \u201eNur wer mit Fakten kommuniziert, gewinnt Vertrauen&#8220;","datePublished":"2026-09-02T12:27:51+00:00","mainEntityOfPage":{"@id":"https:\/\/ikp.at\/de\/blog\/know-how\/martin-dechant-ueber-empco\/"},"wordCount":749,"publisher":{"@id":"https:\/\/ikp.at\/de\/#organization"},"image":{"@id":"https:\/\/ikp.at\/de\/blog\/know-how\/martin-dechant-ueber-empco\/#primaryimage"},"thumbnailUrl":"https:\/\/ikp.at\/wp-content\/uploads\/2026\/09\/ikp-vorarlberg_MA_fs26-7-scaled.jpg","keywords":["CSR","EmpCo","ESG","Green Claims Directive","Greenhushing","Greenwashing","ikp","ikp Vorarlberg","Martin Dechant","Nachhaltigkeit"],"articleSection":["Know-how"],"inLanguage":"de"},{"@type":"WebPage","@id":"https:\/\/ikp.at\/de\/blog\/know-how\/martin-dechant-ueber-empco\/","url":"https:\/\/ikp.at\/de\/blog\/know-how\/martin-dechant-ueber-empco\/","name":"Martin Dechant \u00fcber EmpCo: \u201eNur wer mit Fakten kommuniziert, gewinnt Vertrauen\" - ikp | PR Agentur \u00d6sterreich: Wien Salzburg Vorarlberg Graz","isPartOf":{"@id":"https:\/\/ikp.at\/de\/#website"},"primaryImageOfPage":{"@id":"https:\/\/ikp.at\/de\/blog\/know-how\/martin-dechant-ueber-empco\/#primaryimage"},"image":{"@id":"https:\/\/ikp.at\/de\/blog\/know-how\/martin-dechant-ueber-empco\/#primaryimage"},"thumbnailUrl":"https:\/\/ikp.at\/wp-content\/uploads\/2026\/09\/ikp-vorarlberg_MA_fs26-7-scaled.jpg","datePublished":"2026-09-02T12:27:51+00:00","description":"Ab September 2026 gilt die EU-Richtlinie EmpCo, die Greenwashing einen Riegel vorschieben soll. Im Interview spricht Martin Dechant.","breadcrumb":{"@id":"https:\/\/ikp.at\/de\/blog\/know-how\/martin-dechant-ueber-empco\/#breadcrumb"},"inLanguage":"de","potentialAction":[{"@type":"ReadAction","target":["https:\/\/ikp.at\/de\/blog\/know-how\/martin-dechant-ueber-empco\/"]}]},{"@type":"ImageObject","inLanguage":"de","@id":"https:\/\/ikp.at\/de\/blog\/know-how\/martin-dechant-ueber-empco\/#primaryimage","url":"https:\/\/ikp.at\/wp-content\/uploads\/2026\/09\/ikp-vorarlberg_MA_fs26-7-scaled.jpg","contentUrl":"https:\/\/ikp.at\/wp-content\/uploads\/2026\/09\/ikp-vorarlberg_MA_fs26-7-scaled.jpg","width":2560,"height":1707,"caption":"Martin Dechant spricht \u00fcber EmpCo."},{"@type":"BreadcrumbList","@id":"https:\/\/ikp.at\/de\/blog\/know-how\/martin-dechant-ueber-empco\/#breadcrumb","itemListElement":[{"@type":"ListItem","position":1,"name":"Startseite","item":"https:\/\/ikp.at\/de\/"},{"@type":"ListItem","position":2,"name":"Martin Dechant \u00fcber EmpCo: \u201eNur wer mit Fakten kommuniziert, gewinnt Vertrauen&#8220;"}]},{"@type":"WebSite","@id":"https:\/\/ikp.at\/de\/#website","url":"https:\/\/ikp.at\/de\/","name":"ikp | PR Agentur \u00d6sterreich: Wien Salzburg Vorarlberg Graz","description":"","publisher":{"@id":"https:\/\/ikp.at\/de\/#organization"},"potentialAction":[{"@type":"SearchAction","target":{"@type":"EntryPoint","urlTemplate":"https:\/\/ikp.at\/de\/?s={search_term_string}"},"query-input":{"@type":"PropertyValueSpecification","valueRequired":true,"valueName":"search_term_string"}}],"inLanguage":"de"},{"@type":"Organization","@id":"https:\/\/ikp.at\/de\/#organization","name":"ikp | PR Agentur \u00d6sterreich: Wien Salzburg Vorarlberg Graz","url":"https:\/\/ikp.at\/de\/","logo":{"@type":"ImageObject","inLanguage":"de","@id":"https:\/\/ikp.at\/de\/#\/schema\/logo\/image\/","url":"https:\/\/ikp.at\/wp-content\/uploads\/2023\/03\/ikp-logo-yoast.jpg","contentUrl":"https:\/\/ikp.at\/wp-content\/uploads\/2023\/03\/ikp-logo-yoast.jpg","width":696,"height":696,"caption":"ikp | PR Agentur \u00d6sterreich: Wien Salzburg Vorarlberg Graz"},"image":{"@id":"https:\/\/ikp.at\/de\/#\/schema\/logo\/image\/"},"sameAs":["https:\/\/www.facebook.com\/ikp.PR","https:\/\/www.linkedin.com\/company\/ikp\/","https:\/\/www.instagram.com\/ikp_pr\/","https:\/\/www.tiktok.com\/@ikp.pr","https:\/\/www.youtube.com\/@ikpPRundLobbying"]},{"@type":"Person","@id":"https:\/\/ikp.at\/de\/#\/schema\/person\/3e37ccd141c0625289b3febc9002fdf3","name":"Phillip Plesch"}]}},"_links":{"self":[{"href":"https:\/\/ikp.at\/de\/wp-json\/wp\/v2\/posts\/20987","targetHints":{"allow":["GET"]}}],"collection":[{"href":"https:\/\/ikp.at\/de\/wp-json\/wp\/v2\/posts"}],"about":[{"href":"https:\/\/ikp.at\/de\/wp-json\/wp\/v2\/types\/post"}],"author":[{"embeddable":true,"href":"https:\/\/ikp.at\/de\/wp-json\/wp\/v2\/users\/92"}],"replies":[{"embeddable":true,"href":"https:\/\/ikp.at\/de\/wp-json\/wp\/v2\/comments?post=20987"}],"version-history":[{"count":3,"href":"https:\/\/ikp.at\/de\/wp-json\/wp\/v2\/posts\/20987\/revisions"}],"predecessor-version":[{"id":20992,"href":"https:\/\/ikp.at\/de\/wp-json\/wp\/v2\/posts\/20987\/revisions\/20992"}],"wp:featuredmedia":[{"embeddable":true,"href":"https:\/\/ikp.at\/de\/wp-json\/wp\/v2\/media\/20988"}],"wp:attachment":[{"href":"https:\/\/ikp.at\/de\/wp-json\/wp\/v2\/media?parent=20987"}],"wp:term":[{"taxonomy":"category","embeddable":true,"href":"https:\/\/ikp.at\/de\/wp-json\/wp\/v2\/categories?post=20987"},{"taxonomy":"post_tag","embeddable":true,"href":"https:\/\/ikp.at\/de\/wp-json\/wp\/v2\/tags?post=20987"}],"curies":[{"name":"wp","href":"https:\/\/api.w.org\/{rel}","templated":true}]}}